{"id":69070,"date":"2024-01-19T09:03:40","date_gmt":"2024-01-19T09:03:40","guid":{"rendered":"https:\/\/rdnews.al\/?p=69070"},"modified":"2024-01-19T09:03:40","modified_gmt":"2024-01-19T09:03:40","slug":"nderkombetaret-ia-kane-hequr-vizen-lulzim-bashes","status":"publish","type":"post","link":"https:\/\/rdnews.al\/index.php\/2024\/01\/19\/nderkombetaret-ia-kane-hequr-vizen-lulzim-bashes\/","title":{"rendered":"Nd\u00ebrkomb\u00ebtar\u00ebt ia kan\u00eb hequr viz\u00ebn Lulzim Bash\u00ebs!"},"content":{"rendered":"<p>Neritan Sejamini thot\u00eb se, Lulzim Basha, ndryshe nga \u00e7far\u00eb ai p\u00ebrpiqet t\u00eb propagandoj\u00eb n\u00eb publik,\u00a0\u00ebsht\u00eb i izoluar nga nd\u00ebrkomb\u00ebtar\u00ebt.<\/p>\n<p>I ftuar n\u00eb emisionin &#8220;T\u00eb Paekspozuarit&#8221;, Sejamini tha se Basha i p\u00ebrmend gjithmon\u00eb t\u00eb huajt n\u00eb deklaratat e tij, sepse e ndjen pesh\u00ebn e izolimit prej tyre. Kjo shpjegon edhe g\u00ebnjeshtr\u00ebn e tij, se nd\u00ebrkomb\u00ebtar\u00ebt nd\u00ebrmjet\u00ebsuan q\u00eb ai dhe Rama t\u00eb b\u00ebjn\u00eb reform\u00ebn zgjedhore, deklarat\u00eb e cila u rr\u00ebzua nga ambasadat e SHBA, MB dhe delegacioni i BE.<\/p>\n<p>&#8220;Po t\u00eb shoh\u00ebsh kur flet Basha, p\u00ebrmend gjithmon\u00eb nd\u00ebrkomb\u00ebtar\u00ebt. Ai do t\u00eb krijoj\u00eb kontrast me zotin Berisha dhe t\u00eb justifikohet q\u00eb nuk e kam tradhtuar Berish\u00ebn, por jam me aleat\u00ebt strategjik\u00eb. E dyta, zoti Basha vet\u00eb \u00ebsht\u00eb i izoluar nd\u00ebrkomb\u00ebtarisht. Nuk e pret njeri, nuk e takon asnj\u00eb ambasador. Nuk e ka ftuar njeri as n\u00eb DASH. T\u00eb huajt ia kan\u00eb v\u00ebn\u00eb viz\u00ebn, e kuptojn\u00eb pozicionin e tij.<\/p>\n<p>Duke qen\u00eb se do t\u00eb justifikoj\u00eb legjitimitetin, e ndjen dhe pesh\u00ebn e izolimit t\u00eb tij, e thekson k\u00ebt\u00eb vazhdimisht. E imagjinon ti nj\u00eb parti politike, me 3 mij\u00eb an\u00ebtar, qenka aleat strategjik i zotit Basha? E kupton sa qesharake \u00ebsht\u00eb kjo gj\u00eb?, tha Sejamini.<\/p>\n","protected":false},"excerpt":{"rendered":"<p>Neritan Sejamini thot\u00eb se, Lulzim Basha, ndryshe nga \u00e7far\u00eb ai p\u00ebrpiqet t\u00eb propagandoj\u00eb n\u00eb publik,\u00a0\u00ebsht\u00eb i izoluar nga nd\u00ebrkomb\u00ebtar\u00ebt. I ftuar n\u00eb emisionin &#8220;T\u00eb Paekspozuarit&#8221;, Sejamini tha se Basha i p\u00ebrmend gjithmon\u00eb t\u00eb huajt n\u00eb deklaratat e tij, sepse e ndjen pesh\u00ebn e izolimit prej tyre. Kjo shpjegon edhe g\u00ebnjeshtr\u00ebn e tij, se nd\u00ebrkomb\u00ebtar\u00ebt nd\u00ebrmjet\u00ebsuan &hellip;<\/p>\n","protected":false},"author":4,"featured_media":2719,"comment_status":"closed","ping_status":"closed","sticky":false,"template":"","format":"standard","meta":{"footnotes":""},"categories":[37],"tags":[],"class_list":["post-69070","post","type-post","status-publish","format-standard","has-post-thumbnail","","category-politike"],"_links":{"self":[{"href":"https:\/\/rdnews.al\/index.php\/wp-json\/wp\/v2\/posts\/69070","targetHints":{"allow":["GET"]}}],"collection":[{"href":"https:\/\/rdnews.al\/index.php\/wp-json\/wp\/v2\/posts"}],"about":[{"href":"https:\/\/rdnews.al\/index.php\/wp-json\/wp\/v2\/types\/post"}],"author":[{"embeddable":true,"href":"https:\/\/rdnews.al\/index.php\/wp-json\/wp\/v2\/users\/4"}],"replies":[{"embeddable":true,"href":"https:\/\/rdnews.al\/index.php\/wp-json\/wp\/v2\/comments?post=69070"}],"version-history":[{"count":0,"href":"https:\/\/rdnews.al\/index.php\/wp-json\/wp\/v2\/posts\/69070\/revisions"}],"wp:featuredmedia":[{"embeddable":true,"href":"https:\/\/rdnews.al\/index.php\/wp-json\/wp\/v2\/media\/2719"}],"wp:attachment":[{"href":"https:\/\/rdnews.al\/index.php\/wp-json\/wp\/v2\/media?parent=69070"}],"wp:term":[{"taxonomy":"category","embeddable":true,"href":"https:\/\/rdnews.al\/index.php\/wp-json\/wp\/v2\/categories?post=69070"},{"taxonomy":"post_tag","embeddable":true,"href":"https:\/\/rdnews.al\/index.php\/wp-json\/wp\/v2\/tags?post=69070"}],"curies":[{"name":"wp","href":"https:\/\/api.w.org\/{rel}","templated":true}]}}