{"id":69077,"date":"2024-01-19T09:31:22","date_gmt":"2024-01-19T09:31:22","guid":{"rendered":"https:\/\/rdnews.al\/?p=69077"},"modified":"2024-01-19T09:31:22","modified_gmt":"2024-01-19T09:31:22","slug":"paloka-berisha-e-ka-mandatin-prej-700-mije-shqiptareve-e-jo-prej-7-zagareve","status":"publish","type":"post","link":"https:\/\/rdnews.al\/index.php\/2024\/01\/19\/paloka-berisha-e-ka-mandatin-prej-700-mije-shqiptareve-e-jo-prej-7-zagareve\/","title":{"rendered":"Paloka: Berisha e ka mandatin prej 700 mij\u00eb shqiptar\u00ebve e jo prej 7 zagar\u00ebve!"},"content":{"rendered":"<p>Deputeti i PD, Edi Paloka reagoi pasi SPAK rr\u00ebzoi nj\u00eb k\u00ebrkes\u00eb t\u00eb kreut t\u00eb opozit\u00ebs, Sali Berisha p\u00ebr t\u00eb marr\u00eb pjes\u00eb n\u00eb seancat e Kuvendit.<\/p>\n<p><strong>Reagimi i deputetit Edi Paloka <\/strong><\/p>\n<p>Sigurisht! Kush kishte iluzione p\u00ebr k\u00ebt\u00eb?<\/p>\n<p>N\u00eb fund t\u00eb fundit ky \u00ebsht\u00eb q\u00ebllimi i sajes\u00ebs s\u00eb gjith\u00eb k\u00ebsaj farse t\u00eb shpifur nga qenie t\u00eb shpifura q\u00eb veprojn\u00eb n\u00ebn urdhrat e kryeshpif\u00ebsir\u00ebs, kryeminist\u00ebr.<\/p>\n<p>Mbase \u00ebnd\u00ebrrojn\u00eb dhe q\u00eb t\u2019i djegin mandatin Sali Berish\u00ebs, mandatin q\u00eb e ka prej 700 mij\u00eb shqiptar\u00ebve e jo prej shtat\u00eb zagar\u00ebve!<\/p>\n","protected":false},"excerpt":{"rendered":"<p>Deputeti i PD, Edi Paloka reagoi pasi SPAK rr\u00ebzoi nj\u00eb k\u00ebrkes\u00eb t\u00eb kreut t\u00eb opozit\u00ebs, Sali Berisha p\u00ebr t\u00eb marr\u00eb pjes\u00eb n\u00eb seancat e Kuvendit. Reagimi i deputetit Edi Paloka Sigurisht! Kush kishte iluzione p\u00ebr k\u00ebt\u00eb? N\u00eb fund t\u00eb fundit ky \u00ebsht\u00eb q\u00ebllimi i sajes\u00ebs s\u00eb gjith\u00eb k\u00ebsaj farse t\u00eb shpifur nga qenie t\u00eb shpifura &hellip;<\/p>\n","protected":false},"author":4,"featured_media":67589,"comment_status":"closed","ping_status":"closed","sticky":false,"template":"","format":"standard","meta":{"footnotes":""},"categories":[37],"tags":[],"class_list":["post-69077","post","type-post","status-publish","format-standard","has-post-thumbnail","","category-politike"],"_links":{"self":[{"href":"https:\/\/rdnews.al\/index.php\/wp-json\/wp\/v2\/posts\/69077","targetHints":{"allow":["GET"]}}],"collection":[{"href":"https:\/\/rdnews.al\/index.php\/wp-json\/wp\/v2\/posts"}],"about":[{"href":"https:\/\/rdnews.al\/index.php\/wp-json\/wp\/v2\/types\/post"}],"author":[{"embeddable":true,"href":"https:\/\/rdnews.al\/index.php\/wp-json\/wp\/v2\/users\/4"}],"replies":[{"embeddable":true,"href":"https:\/\/rdnews.al\/index.php\/wp-json\/wp\/v2\/comments?post=69077"}],"version-history":[{"count":0,"href":"https:\/\/rdnews.al\/index.php\/wp-json\/wp\/v2\/posts\/69077\/revisions"}],"wp:featuredmedia":[{"embeddable":true,"href":"https:\/\/rdnews.al\/index.php\/wp-json\/wp\/v2\/media\/67589"}],"wp:attachment":[{"href":"https:\/\/rdnews.al\/index.php\/wp-json\/wp\/v2\/media?parent=69077"}],"wp:term":[{"taxonomy":"category","embeddable":true,"href":"https:\/\/rdnews.al\/index.php\/wp-json\/wp\/v2\/categories?post=69077"},{"taxonomy":"post_tag","embeddable":true,"href":"https:\/\/rdnews.al\/index.php\/wp-json\/wp\/v2\/tags?post=69077"}],"curies":[{"name":"wp","href":"https:\/\/api.w.org\/{rel}","templated":true}]}}