{"id":69084,"date":"2024-01-19T11:02:13","date_gmt":"2024-01-19T11:02:13","guid":{"rendered":"https:\/\/rdnews.al\/?p=69084"},"modified":"2024-01-19T11:02:13","modified_gmt":"2024-01-19T11:02:13","slug":"bardhi-alibeaj-mund-te-shkoje-edhe-te-vila-e-rames-por-reforma-duhet-te-jete-gjitheperfshirese","status":"publish","type":"post","link":"https:\/\/rdnews.al\/index.php\/2024\/01\/19\/bardhi-alibeaj-mund-te-shkoje-edhe-te-vila-e-rames-por-reforma-duhet-te-jete-gjitheperfshirese\/","title":{"rendered":"Bardhi: Alibeaj mund t\u00eb shkoj\u00eb edhe te vila e Ram\u00ebs, por reforma duhet t\u00eb jet\u00eb gjith\u00ebp\u00ebrfshir\u00ebse"},"content":{"rendered":"<p>Kreu i grupit parlamentar t\u00eb PD, Gazment Bardhi tha se, opozita nuk bllokoi komisionin e Reform\u00ebs Zgjedhore, por ishte mazhoranca q\u00eb k\u00ebrkoi t\u2019i hidhte hi syve qytetar\u00ebve.<\/p>\n<p>Bardhi u shpreh se, Edi Rama nuk ka nd\u00ebrmend t\u00eb b\u00ebj\u00eb zgjedhje t\u00eb lira e t\u00eb ndershme, ndaj nuk do pjes\u00ebmarrjen e opozit\u00ebs n\u00eb komision.\u00a0Bardhi shtoi se opozita d\u00ebshiron t\u00eb marr\u00eb pjes\u00eb n\u00eb Komision po nuk po lejohet ta b\u00ebj\u00eb nj\u00eb gj\u00eb t\u00eb till\u00eb.<\/p>\n<p>\u201cN\u00eb fakt, q\u00ebllimi i sot\u00ebm ishte t\u2019i hidhnin hi sy qytetar\u00ebve se d\u00ebshirojn\u00eb Reform\u00eb Zgjedhore. Po t\u00eb donin, do e kishin mbyllur brenda k\u00ebtyre dy viteve. Sot, opozita nuk ka bllokuar komisionin. \u00cbsht\u00eb mozhoranca q\u00eb ka bllokuar opozit\u00ebn, pasi ka q\u00ebllim t\u00eb bllokoj\u00eb komisionin e Reform\u00ebs Zgjedhore. Rama nuk do t\u00eb b\u00ebj\u00eb zgjedhje t\u00eb ndershme, prandaj nuk e lejon opozit\u00ebn. Opozita do t\u00eb marr\u00eb pjes\u00eb n\u00eb Komision, por nuk po lejohet. Reforma Zgjedhore po mbahet peng nga Edi Rama.\u00a0I kemi mb\u00ebshtetur p\u00ebr dy vite p\u00ebr ta \u00e7uar para Reform\u00ebn. Ata e bllokuan pun\u00ebn e Komisionit p\u00ebr dy vite. N\u00ebse ne nuk do t\u00eb ngrinim z\u00ebrin, sot Komisioni i Reform\u00ebs Zgjedhore nuk do t\u00eb ishte fare tem\u00eb. Do t\u00eb ishte e varrosur, si\u00e7 e kishin varrosur n\u00eb harres\u00eb gjat\u00eb k\u00ebtyre dy viteve,\u201d tha Bardhi.<\/p>\n<p>\u201cKompozimi i Komisionit t\u00eb Reform\u00ebs Zgjedhore \u00ebsht\u00eb nj\u00eb model q\u00eb \u00ebsht\u00eb aplikuar n\u00eb Shqip\u00ebri q\u00eb nga viti 2002.\u00a0Koleg\u00ebve ne u kemi dh\u00ebn\u00eb besimin p\u00ebr dy vite ta b\u00ebnin reform\u00ebn zgjedhore, e mbajt\u00ebn t\u00eb bllokuar. Kan\u00eb humbur besimin e atyre q\u00eb i kan\u00eb mandatar.<\/p>\n<p>Ju e pat\u00eb q\u00eb nj\u00eb pjes\u00eb e atyre q\u00eb pretendojn\u00eb se p\u00ebrfaq\u00ebsojn\u00eb popullin opozitar, sot nuk ishin as n\u00eb mbledhje. Ata mund t\u00eb shkojn\u00eb edhe t\u00eb mblidhen edhe te vila e Edi Ram\u00ebs n\u00eb Surrel.\u00a0Un\u00eb po flas p\u00ebr nj\u00eb reform\u00eb zgjedhore q\u00eb p\u00ebrmbush standardet e OSBE\/ODIHR.\u00a0Dhe q\u00eb t\u00eb p\u00ebrmbush\u00eb standardet e OSBE\/ODIHR duhet t\u00eb jet\u00eb konsensuale dhe gjith\u00ebp\u00ebrfshir\u00ebse. Dhe gjith\u00ebp\u00ebrfshirje do t\u00eb thot\u00eb sipas proporcionit q\u00eb ka secili grupi parlamentar t\u00eb ket\u00eb p\u00ebrfaq\u00ebsimin n\u00eb komision.<\/p>\n<p>Nuk mund t\u00eb ndodh\u00eb q\u00eb 7 deputet\u00eb t\u00eb ken\u00eb 4 an\u00ebtar\u00eb n\u00eb komisionin e reform\u00ebs zgjedhore dhe 50 e ca deputet\u00eb t\u00eb ken\u00eb 3 an\u00ebtar\u00eb sepse do ishte jasht\u00eb \u00e7do logjike parlamentare, por dhe matematikore.\u00a0Un\u00eb e kuptoj q\u00eb ata kan\u00eb probleme matematikore, por nuk mundet q\u00eb 7 deputet\u00eb t\u00eb p\u00ebrb\u00ebjn\u00eb dy t\u00eb tret\u00ebn e p\u00ebrfaq\u00ebsimit n\u00eb komisionin e reform\u00ebs zgjedhore,\u201d\u00a0tha Bardhi.<\/p>\n","protected":false},"excerpt":{"rendered":"<p>Kreu i grupit parlamentar t\u00eb PD, Gazment Bardhi tha se, opozita nuk bllokoi komisionin e Reform\u00ebs Zgjedhore, por ishte mazhoranca q\u00eb k\u00ebrkoi t\u2019i hidhte hi syve qytetar\u00ebve. Bardhi u shpreh se, Edi Rama nuk ka nd\u00ebrmend t\u00eb b\u00ebj\u00eb zgjedhje t\u00eb lira e t\u00eb ndershme, ndaj nuk do pjes\u00ebmarrjen e opozit\u00ebs n\u00eb komision.\u00a0Bardhi shtoi se opozita &hellip;<\/p>\n","protected":false},"author":4,"featured_media":69085,"comment_status":"closed","ping_status":"closed","sticky":false,"template":"","format":"standard","meta":{"footnotes":""},"categories":[37],"tags":[],"class_list":["post-69084","post","type-post","status-publish","format-standard","has-post-thumbnail","","category-politike"],"_links":{"self":[{"href":"https:\/\/rdnews.al\/index.php\/wp-json\/wp\/v2\/posts\/69084","targetHints":{"allow":["GET"]}}],"collection":[{"href":"https:\/\/rdnews.al\/index.php\/wp-json\/wp\/v2\/posts"}],"about":[{"href":"https:\/\/rdnews.al\/index.php\/wp-json\/wp\/v2\/types\/post"}],"author":[{"embeddable":true,"href":"https:\/\/rdnews.al\/index.php\/wp-json\/wp\/v2\/users\/4"}],"replies":[{"embeddable":true,"href":"https:\/\/rdnews.al\/index.php\/wp-json\/wp\/v2\/comments?post=69084"}],"version-history":[{"count":0,"href":"https:\/\/rdnews.al\/index.php\/wp-json\/wp\/v2\/posts\/69084\/revisions"}],"wp:featuredmedia":[{"embeddable":true,"href":"https:\/\/rdnews.al\/index.php\/wp-json\/wp\/v2\/media\/69085"}],"wp:attachment":[{"href":"https:\/\/rdnews.al\/index.php\/wp-json\/wp\/v2\/media?parent=69084"}],"wp:term":[{"taxonomy":"category","embeddable":true,"href":"https:\/\/rdnews.al\/index.php\/wp-json\/wp\/v2\/categories?post=69084"},{"taxonomy":"post_tag","embeddable":true,"href":"https:\/\/rdnews.al\/index.php\/wp-json\/wp\/v2\/tags?post=69084"}],"curies":[{"name":"wp","href":"https:\/\/api.w.org\/{rel}","templated":true}]}}