{"id":69087,"date":"2024-01-19T11:17:53","date_gmt":"2024-01-19T11:17:53","guid":{"rendered":"https:\/\/rdnews.al\/?p=69087"},"modified":"2024-01-19T11:18:06","modified_gmt":"2024-01-19T11:18:06","slug":"berisha-nuk-akuzohet-per-asnje-veper-penale-e-vetmja-logjike-eshte-hakmarrja-politike","status":"publish","type":"post","link":"https:\/\/rdnews.al\/index.php\/2024\/01\/19\/berisha-nuk-akuzohet-per-asnje-veper-penale-e-vetmja-logjike-eshte-hakmarrja-politike\/","title":{"rendered":"Berisha nuk akuzohet p\u00ebr asnj\u00eb vep\u00ebr penale! E vetmja logjik\u00eb \u00ebsht\u00eb hakmarrja politike"},"content":{"rendered":"<p><strong>Nga Ylli MANJANI<\/strong><\/p>\n<p>Q\u00eb t\u00eb mbajm\u00eb logjik\u00ebn n\u00eb pun\u00eb.<\/p>\n<p>Sali Berisha nuk akuzohet p\u00ebr asnj\u00eb vep\u00ebr penale. Zyrtarisht ndaj Tij nuk ka asnj\u00eb akuz\u00eb. Megjithat\u00eb, si 98% e gjith\u00eb t\u00eb tjer\u00ebve sot q\u00eb jan\u00eb n\u00ebn masa sigurie, edhe ndaj Tij \u00ebsht\u00eb aplikuar nj\u00eb mas\u00eb sigurie.<\/p>\n<p>Absurditet juridik q\u00eb vet\u00ebm n\u00eb Shqip\u00ebrin\u00eb me drejt\u00ebsi post reform\u00eb e gjeni.<\/p>\n<p>Nga ana tjet\u00ebr asnj\u00eb dyshim, i arsyesh\u00ebm ose jo, nuk sugjeron q\u00eb Sali Berisha t\u00eb ket\u00eb kryer vep\u00ebr penale n\u00eb ushtrimin e detyr\u00ebs s\u00eb Tij si Deputet dhe si kryetar i nj\u00eb partie politike. Asnj\u00eb dyshim, qoft\u00eb dhe periferik nuk sugjeron q\u00eb n\u00ebse Sali Berisha shkon rregullisht n\u00eb pun\u00ebt e tij, d\u00ebmton prova apo shkat\u00ebrron drejt\u00ebsin\u00eb. E p\u00ebrs\u00ebris asnj\u00eb dyshim nuk ligjet me detyrat q\u00eb ai mban sot.<\/p>\n<p>At\u00ebher\u00eb p\u00ebrse, mbi \u00e7&#8217;ligj e mbi \u00e7\u2019logjik\u00eb i ndalohet ushtrimi i mandatit t\u00eb deputetit dhe detyrat politike q\u00eb ai mban?!<\/p>\n<p>I vetmi arsyetim q\u00eb mund t\u00eb q\u00ebndroj\u00eb \u00ebsht\u00eb nd\u00ebrhyrja politike n\u00eb pun\u00ebt e kund\u00ebrshtarit. Ndalimi me \u00e7do kusht i kund\u00ebrshtarit q\u00eb t\u00eb merret me politike.<\/p>\n<p>Ndaj logjika e vetme q\u00eb mbetet \u00ebsht\u00eb logjika e hakmarrjes politike. Njer\u00ebzit kan\u00eb t\u00eb drejt\u00eb t\u00eb jen\u00eb apo jo dakord me nd\u00ebshkimin politik t\u00eb Sali Berish\u00ebs, por t\u00eb gjith\u00eb biem dakord q\u00eb \u00ebsht\u00eb nd\u00ebshkim politik.<\/p>\n<p>Vet\u00ebm se nd\u00ebshkimi politik po b\u00ebhet jo me mjet politik.<\/p>\n<p>Mjeti q\u00eb p\u00ebrdoret, SPAK- u pra, nuk ka lidhje as me ligjin as me drejt\u00ebsin\u00eb e pavarur. P\u00ebr k\u00ebt\u00eb jam i keqardhur.<\/p>\n","protected":false},"excerpt":{"rendered":"<p>Nga Ylli MANJANI Q\u00eb t\u00eb mbajm\u00eb logjik\u00ebn n\u00eb pun\u00eb. Sali Berisha nuk akuzohet p\u00ebr asnj\u00eb vep\u00ebr penale. Zyrtarisht ndaj Tij nuk ka asnj\u00eb akuz\u00eb. Megjithat\u00eb, si 98% e gjith\u00eb t\u00eb tjer\u00ebve sot q\u00eb jan\u00eb n\u00ebn masa sigurie, edhe ndaj Tij \u00ebsht\u00eb aplikuar nj\u00eb mas\u00eb sigurie. Absurditet juridik q\u00eb vet\u00ebm n\u00eb Shqip\u00ebrin\u00eb me drejt\u00ebsi post reform\u00eb &hellip;<\/p>\n","protected":false},"author":4,"featured_media":1522,"comment_status":"closed","ping_status":"closed","sticky":false,"template":"","format":"standard","meta":{"footnotes":""},"categories":[44],"tags":[],"class_list":["post-69087","post","type-post","status-publish","format-standard","has-post-thumbnail","","category-editorial"],"_links":{"self":[{"href":"https:\/\/rdnews.al\/index.php\/wp-json\/wp\/v2\/posts\/69087","targetHints":{"allow":["GET"]}}],"collection":[{"href":"https:\/\/rdnews.al\/index.php\/wp-json\/wp\/v2\/posts"}],"about":[{"href":"https:\/\/rdnews.al\/index.php\/wp-json\/wp\/v2\/types\/post"}],"author":[{"embeddable":true,"href":"https:\/\/rdnews.al\/index.php\/wp-json\/wp\/v2\/users\/4"}],"replies":[{"embeddable":true,"href":"https:\/\/rdnews.al\/index.php\/wp-json\/wp\/v2\/comments?post=69087"}],"version-history":[{"count":0,"href":"https:\/\/rdnews.al\/index.php\/wp-json\/wp\/v2\/posts\/69087\/revisions"}],"wp:featuredmedia":[{"embeddable":true,"href":"https:\/\/rdnews.al\/index.php\/wp-json\/wp\/v2\/media\/1522"}],"wp:attachment":[{"href":"https:\/\/rdnews.al\/index.php\/wp-json\/wp\/v2\/media?parent=69087"}],"wp:term":[{"taxonomy":"category","embeddable":true,"href":"https:\/\/rdnews.al\/index.php\/wp-json\/wp\/v2\/categories?post=69087"},{"taxonomy":"post_tag","embeddable":true,"href":"https:\/\/rdnews.al\/index.php\/wp-json\/wp\/v2\/tags?post=69087"}],"curies":[{"name":"wp","href":"https:\/\/api.w.org\/{rel}","templated":true}]}}