{"id":69089,"date":"2024-01-19T11:30:59","date_gmt":"2024-01-19T11:30:59","guid":{"rendered":"https:\/\/rdnews.al\/?p=69089"},"modified":"2024-01-19T11:32:19","modified_gmt":"2024-01-19T11:32:19","slug":"69089","status":"publish","type":"post","link":"https:\/\/rdnews.al\/index.php\/2024\/01\/19\/69089\/","title":{"rendered":"Mourinho te Napoli? \u201cT\u00ebrbohen\u201d mediat italiane!"},"content":{"rendered":"<p>Jose Mourinho te Napoli? Ky \u00ebsht\u00eb lajmi q\u00eb po qarkullon me shpejt\u00ebsi n\u00eb mediat italiane, nd\u00ebrsa \u201cSportmediaset\u201d konfirmon me siguri se agjenti i tij, Jorge Mendes, ka telefonuar personalisht De Laurentiis duke i b\u00ebr\u00eb me dije d\u00ebshir\u00ebn e Mourinho-s p\u00ebr t\u00eb drejtuar kampion\u00ebt n\u00eb fuqi t\u00eb Serie A. Mendes ka raporte t\u00eb shk\u00eblqyera me bosin e Napolit, kjo ishte nj\u00eb telefonate kortezie p\u00ebr t\u2019i b\u00ebr\u00eb me dije se edhe p\u00ebrfaq\u00ebsuesi i tij \u00ebsht\u00eb i interesuar.<\/p>\n<p>Prej disa koh\u00ebsh, De Laurentiis ka nisur sondazhet p\u00ebr t\u00eb gjetur nj\u00eb trajner t\u00eb ri. Pengesa e par\u00eb p\u00ebr t\u00eb konkretizuar nj\u00eb marr\u00ebveshje t\u00eb till\u00eb \u00ebsht\u00eb paga e Mourinho-s, 7 milion\u00eb euro plus bonuse p\u00ebrfitonte te Roma, shif\u00ebr q\u00eb De Laurentiis do ta paguante vet\u00ebm p\u00ebr Conten. Gjithsesi \u00ebsht\u00eb ende her\u00ebt p\u00ebr t\u00eb folur p\u00ebr nj\u00eb l\u00ebvizje t\u00eb till\u00eb, fakt q\u00eb konfirmoi edhe vet\u00eb Mendes:<\/p>\n<p>\u201cNgela i befasuar nga shkarkimi i Mourinho-s, nuk e prisja, por ai mbetet fitues, nj\u00eb trajner q\u00eb kudo ka punuar ka fituar admirimin e tifoz\u00ebve. Si \u00ebsht\u00eb? I qet\u00eb, i vet\u00ebdijsh\u00ebm se ka b\u00ebr\u00eb nj\u00eb pun\u00eb t\u00eb mir\u00eb, pavar\u00ebsisht grupit t\u00eb limituar n\u00eb raport me Inter dhe Juve. E ardhmja? T\u00eb flasim tani p\u00ebr t\u00eb ardhmen \u00ebsht\u00eb shum\u00eb her\u00ebt, por ai \u00ebsht\u00eb nj\u00eb trajner p\u00ebr ekipeve t\u00eb m\u00ebdha dhe do t\u00eb rikthehet, \u00ebsht\u00eb thjesht \u00e7\u00ebshtje kohe\u201d, u shpreh Mendes.<\/p>\n<p>&nbsp;<\/p>\n","protected":false},"excerpt":{"rendered":"<p>Jose Mourinho te Napoli? Ky \u00ebsht\u00eb lajmi q\u00eb po qarkullon me shpejt\u00ebsi n\u00eb mediat italiane, nd\u00ebrsa \u201cSportmediaset\u201d konfirmon me siguri se agjenti i tij, Jorge Mendes, ka telefonuar personalisht De Laurentiis duke i b\u00ebr\u00eb me dije d\u00ebshir\u00ebn e Mourinho-s p\u00ebr t\u00eb drejtuar kampion\u00ebt n\u00eb fuqi t\u00eb Serie A. Mendes ka raporte t\u00eb shk\u00eblqyera me bosin &hellip;<\/p>\n","protected":false},"author":4,"featured_media":37743,"comment_status":"closed","ping_status":"closed","sticky":false,"template":"","format":"standard","meta":{"footnotes":""},"categories":[39],"tags":[],"class_list":["post-69089","post","type-post","status-publish","format-standard","has-post-thumbnail","","category-sport"],"_links":{"self":[{"href":"https:\/\/rdnews.al\/index.php\/wp-json\/wp\/v2\/posts\/69089","targetHints":{"allow":["GET"]}}],"collection":[{"href":"https:\/\/rdnews.al\/index.php\/wp-json\/wp\/v2\/posts"}],"about":[{"href":"https:\/\/rdnews.al\/index.php\/wp-json\/wp\/v2\/types\/post"}],"author":[{"embeddable":true,"href":"https:\/\/rdnews.al\/index.php\/wp-json\/wp\/v2\/users\/4"}],"replies":[{"embeddable":true,"href":"https:\/\/rdnews.al\/index.php\/wp-json\/wp\/v2\/comments?post=69089"}],"version-history":[{"count":0,"href":"https:\/\/rdnews.al\/index.php\/wp-json\/wp\/v2\/posts\/69089\/revisions"}],"wp:featuredmedia":[{"embeddable":true,"href":"https:\/\/rdnews.al\/index.php\/wp-json\/wp\/v2\/media\/37743"}],"wp:attachment":[{"href":"https:\/\/rdnews.al\/index.php\/wp-json\/wp\/v2\/media?parent=69089"}],"wp:term":[{"taxonomy":"category","embeddable":true,"href":"https:\/\/rdnews.al\/index.php\/wp-json\/wp\/v2\/categories?post=69089"},{"taxonomy":"post_tag","embeddable":true,"href":"https:\/\/rdnews.al\/index.php\/wp-json\/wp\/v2\/tags?post=69089"}],"curies":[{"name":"wp","href":"https:\/\/api.w.org\/{rel}","templated":true}]}}