{"id":69097,"date":"2024-01-19T12:10:15","date_gmt":"2024-01-19T12:10:15","guid":{"rendered":"https:\/\/rdnews.al\/?p=69097"},"modified":"2024-01-19T12:10:15","modified_gmt":"2024-01-19T12:10:15","slug":"reforma-zgjedhore-bylykbashi-50-deputete-te-opozites-kerkojne-rishikimin-e-anetaresise-se-komisionit","status":"publish","type":"post","link":"https:\/\/rdnews.al\/index.php\/2024\/01\/19\/reforma-zgjedhore-bylykbashi-50-deputete-te-opozites-kerkojne-rishikimin-e-anetaresise-se-komisionit\/","title":{"rendered":"Reforma zgjedhore\/ Bylykbashi: 50 deputet\u00eb t\u00eb opozit\u00ebs k\u00ebrkojn\u00eb rishikimin e an\u00ebtar\u00ebsis\u00eb s\u00eb komisionit"},"content":{"rendered":"<p>Deputet\u00ebt demokrat\u00eb dol\u00ebn n\u00eb nj\u00eb konferenc\u00eb p\u00ebr shtyp, duke k\u00ebrkuar q\u00eb t\u00eb t\u00eb rishikohet p\u00ebrb\u00ebrja e komisionit t\u00eb Reform\u00ebs Zgjedhore.<\/p>\n<p>Oerd Bylykbashi tha se nuk do ket\u00eb normalitet parlamentar n\u00ebse nuk pranohet kjo k\u00ebrkes\u00eb, mes k\u00ebrkesave t\u00eb tjera t\u00eb opozit\u00ebs.<\/p>\n<p>\u201cPothuajse 50 deputet\u00eb t\u00eb opozit\u00ebs kan\u00eb k\u00ebrkuar zyrtarisht q\u00eb t\u00eb rishikohet an\u00ebtar\u00ebsia e komisionit dhe t\u00eb rikthehet tradita 20-vje\u00e7are, e cila ka garantuar 2 rotacione politike me vot\u00eb, sepse rregullat e p\u00ebrbashk\u00ebta kan\u00eb garantuar zgjedhje normale n\u00eb p\u00ebrputhje me standardet.<\/p>\n<p>Ne k\u00ebrkojm\u00eb me forc\u00eb q\u00eb t\u00eb rikthejm\u00eb k\u00ebt\u00eb tradit\u00eb sepse reforma zgjedhore \u00ebsht\u00eb nj\u00eb nga reformat m\u00eb t\u00eb r\u00ebnd\u00ebsishme q\u00eb do t\u00eb prodhoj\u00eb nj\u00eb stabilitet apo destabilitet p\u00ebr m\u00eb shum\u00eb se nj\u00eb dekad\u00eb.<\/p>\n<p>K\u00ebrkojm\u00eb q\u00eb pa vones\u00eb, parlamenti i Shqip\u00ebris\u00eb t\u00eb marr\u00eb n\u00eb konsiderat\u00eb k\u00ebrkes\u00ebn ton\u00eb q\u00eb komisioni t\u2019i kthehet normalitetit, konsensualitetit dhe funksionalitetit.<\/p>\n<p>Sa koh\u00eb kjo nuk do t\u00eb b\u00ebhet sepse Edi Rama nuk do dhe me ndihm\u00ebn e t\u00eb tjer\u00ebve do t\u00eb arrije q\u00ebllimin p\u00ebr t\u00eb veshur komisionin me nj\u00eb vello bipartizanizmi, ne nuk do pranojm\u00eb dhe ky parlament do t\u00eb vazhdoj\u00eb t\u00eb jet\u00eb mosfunksional,\u201d tha Bylykbashi. ai tha se, reforma zgjedhore \u00ebsht\u00eb nj\u00eb nga arsyet kryesore t\u00eb kriz\u00ebs q\u00eb ka p\u00ebrfshir\u00eb parlamentin.<\/p>\n","protected":false},"excerpt":{"rendered":"<p>Deputet\u00ebt demokrat\u00eb dol\u00ebn n\u00eb nj\u00eb konferenc\u00eb p\u00ebr shtyp, duke k\u00ebrkuar q\u00eb t\u00eb t\u00eb rishikohet p\u00ebrb\u00ebrja e komisionit t\u00eb Reform\u00ebs Zgjedhore. Oerd Bylykbashi tha se nuk do ket\u00eb normalitet parlamentar n\u00ebse nuk pranohet kjo k\u00ebrkes\u00eb, mes k\u00ebrkesave t\u00eb tjera t\u00eb opozit\u00ebs. \u201cPothuajse 50 deputet\u00eb t\u00eb opozit\u00ebs kan\u00eb k\u00ebrkuar zyrtarisht q\u00eb t\u00eb rishikohet an\u00ebtar\u00ebsia e komisionit dhe &hellip;<\/p>\n","protected":false},"author":4,"featured_media":69098,"comment_status":"closed","ping_status":"closed","sticky":false,"template":"","format":"standard","meta":{"footnotes":""},"categories":[37],"tags":[],"class_list":["post-69097","post","type-post","status-publish","format-standard","has-post-thumbnail","","category-politike"],"_links":{"self":[{"href":"https:\/\/rdnews.al\/index.php\/wp-json\/wp\/v2\/posts\/69097","targetHints":{"allow":["GET"]}}],"collection":[{"href":"https:\/\/rdnews.al\/index.php\/wp-json\/wp\/v2\/posts"}],"about":[{"href":"https:\/\/rdnews.al\/index.php\/wp-json\/wp\/v2\/types\/post"}],"author":[{"embeddable":true,"href":"https:\/\/rdnews.al\/index.php\/wp-json\/wp\/v2\/users\/4"}],"replies":[{"embeddable":true,"href":"https:\/\/rdnews.al\/index.php\/wp-json\/wp\/v2\/comments?post=69097"}],"version-history":[{"count":0,"href":"https:\/\/rdnews.al\/index.php\/wp-json\/wp\/v2\/posts\/69097\/revisions"}],"wp:featuredmedia":[{"embeddable":true,"href":"https:\/\/rdnews.al\/index.php\/wp-json\/wp\/v2\/media\/69098"}],"wp:attachment":[{"href":"https:\/\/rdnews.al\/index.php\/wp-json\/wp\/v2\/media?parent=69097"}],"wp:term":[{"taxonomy":"category","embeddable":true,"href":"https:\/\/rdnews.al\/index.php\/wp-json\/wp\/v2\/categories?post=69097"},{"taxonomy":"post_tag","embeddable":true,"href":"https:\/\/rdnews.al\/index.php\/wp-json\/wp\/v2\/tags?post=69097"}],"curies":[{"name":"wp","href":"https:\/\/api.w.org\/{rel}","templated":true}]}}