{"id":69104,"date":"2024-01-19T12:23:50","date_gmt":"2024-01-19T12:23:50","guid":{"rendered":"https:\/\/rdnews.al\/?p=69104"},"modified":"2024-01-19T12:23:50","modified_gmt":"2024-01-19T12:23:50","slug":"deputetja-britanike-serbia-po-i-qesh-ne-fytyre-be-se-qasja-e-perendimit-ndaj-kosoves-e-padrejte","status":"publish","type":"post","link":"https:\/\/rdnews.al\/index.php\/2024\/01\/19\/deputetja-britanike-serbia-po-i-qesh-ne-fytyre-be-se-qasja-e-perendimit-ndaj-kosoves-e-padrejte\/","title":{"rendered":"Deputetja britanike: Serbia po i qesh n\u00eb fytyr\u00eb BE-s\u00eb! Qasja e Per\u00ebndimit ndaj Kosov\u00ebs, e padrejt\u00eb!"},"content":{"rendered":"<p>N\u00eb Parlamentin Evropian, t\u00eb m\u00ebrkur\u00ebn \u00ebsht\u00eb diskutuar mbi parregullsit\u00eb n\u00eb zgjedhjet e p\u00ebrgjithshme dhe ato lokale n\u00eb Serbi.<\/p>\n<p>Eurodeputet\u00ebt pat\u00ebn kritika t\u00eb ashpra p\u00ebr vendin fqinj, duke k\u00ebrkuar nga udh\u00ebheq\u00ebsit e shtetit q\u00eb t\u2019i hetojn\u00eb gjetjet e monitoruesve nd\u00ebrkomb\u00ebtar\u00eb.<\/p>\n<p>Pas votimeve nga Parlamenti Evropian, t\u00eb enjten, presidentja e Komisionit Evropian, Ursula von der Leyen, ka marr\u00eb nj\u00eb let\u00ebr t\u00eb mb\u00ebshtetur nga 24 politikan\u00eb t\u00eb lart\u00eb evropian\u00eb, duke i k\u00ebrkuar asaj q\u00eb t\u00eb hetoj\u00eb akuzat p\u00ebr parregullsi n\u00eb zgjedhjet e fundit n\u00eb Serbi, shkruan Klankosova.tv.<\/p>\n<p>N\u00eb mesin e n\u00ebnshkruesve t\u00eb k\u00ebsaj thirrjeje, si\u00e7 ka raportuar \u201cPolitico\u201d, q\u00eb BE-ja t\u00eb nis\u00eb nj\u00eb hetim p\u00ebr zgjedhjet n\u00eb Serbi, ishte edhe Alicia Kearns, nj\u00eb deputete konservatore e Parlamentit Britanik dhe kryetare e Komitetit t\u00eb Pun\u00ebve t\u00eb Jashtme t\u00eb Parlamentit Britanik.<\/p>\n<p>N\u00eb nj\u00eb bised\u00eb p\u00ebr \u201cZ\u00ebrin e Amerik\u00ebs\u201d, sh\u00ebrbimi p\u00ebr Gjeorgjin\u00eb n\u00eb Uashington, deputetja britanike ka th\u00ebn\u00eb se \u201ckoleg\u00ebt q\u00eb v\u00ebzhguan zgjedhjet than\u00eb se nuk kishin par\u00eb kurr\u00eb abuzime t\u00eb tilla t\u00eb tmerrshme t\u00eb procesit zgjedhor\u201d.<\/p>\n<p>Kearns ishte edhe nd\u00ebr n\u00ebnshkrueset e apelit q\u00eb parlamentar\u00ebt evropian\u00eb dhe amerikan\u00eb i d\u00ebrguan administratave n\u00eb Uashington dhe Bruksel ver\u00ebn e kaluar, me t\u00eb cilin k\u00ebrkohej q\u00eb t\u00eb shtr\u00ebngojn\u00eb politik\u00ebn ndaj Serbis\u00eb dhe ta zbusin at\u00eb ndaj Kosov\u00ebs. Ajo gjithashtu akuzoi Beogradin p\u00ebr kontraband\u00eb arm\u00ebsh n\u00eb Kosov\u00eb p\u00ebrmes Kish\u00ebs Ortodokse Serbe, t\u00eb cil\u00ebn KFOR-i m\u00eb von\u00eb e mohoi.<\/p>\n<p>Kearns tani ka b\u00ebr\u00eb thirrje p\u00ebrs\u00ebri p\u00ebr nj\u00eb ndryshim n\u00eb politik\u00ebn e ShBA-s\u00eb dhe BE-s\u00eb ndaj Beogradit dhe pretendon se \u201cSerbia po qesh p\u00ebrball\u00eb Bashkimit Evropian\u201d.<\/p>\n<p>\u201cAta pretendojn\u00eb se po shkojn\u00eb drejt s\u00eb ardhmes euroatlantike, por n\u00eb fakt jan\u00eb t\u00eb lidhur me Rusin\u00eb, me Iranin, kan\u00eb zgjedhur aleat\u00ebt e tyre. Ata aktualisht po i qeshin BE-s\u00eb n\u00eb fytyr\u00eb, po i marr\u00eb parat\u00eb e tyre dhe nuk po ecin p\u00ebrpara n\u00eb \u00e7\u00ebshtjen e reformave. Duhet q\u00eb qasja e BE-s\u00eb dhe ShBA-s\u00eb t\u00eb jet\u00eb e drejt\u00eb dhe e balancuar. Qasja aktuale ndaj Kosov\u00ebs \u00ebsht\u00eb e padrejt\u00eb, e pabalancuar dhe e gabuar, dhe ata duhet t\u00eb paralajm\u00ebrojn\u00eb se Serbia do t\u2019i bart\u00eb pasojat dhe t\u2019i jepet fund k\u00ebtij iluzioni q\u00eb kan\u00eb \u2013 se Serbia po punon p\u00ebr nj\u00eb t\u00eb ardhme euroatlantike\u201d, tha deputetja britanike.<\/p>\n<p>24 n\u00ebnshkruesit e letr\u00ebs, duke p\u00ebrfshir\u00eb Michael Roth, kryetar i Komitetit t\u00eb Pun\u00ebve t\u00eb Jashtme t\u00eb parlamentit gjerman dhe homologu i tij francez Jean-Louis Bourlanges, i k\u00ebrkuan BE-s\u00eb t\u00eb hetoj\u00eb n\u00eb m\u00ebnyr\u00eb t\u00eb pavarur akuzat e mashtrimit dhe t\u00eb b\u00ebj\u00eb rekomandime p\u00ebr t\u00eb siguruar zgjedhje t\u00eb lira dhe t\u00eb drejta n\u00eb Serbi, shkruan \u201cPolitico\u201d, transmeton Klankosova.tv.<\/p>\n<p>N\u00ebnshkruesit kryesojn\u00eb kryesisht komitetet e pun\u00ebve t\u00eb jashtme ose evropiane n\u00eb parlamentet e tyre komb\u00ebtare dhe vijn\u00eb nga e gjith\u00eb BE-ja \u2013 duke p\u00ebrfshir\u00eb nga Franca, Italia, Danimarka dhe Luksemburgu \u2013 si dhe nga Ukraina, Moldavia dhe Britania e Madhe.<\/p>\n<p>\u201cN\u00eb var\u00ebsi t\u00eb gjetjeve t\u00eb hetimit\u201d, thon\u00eb ata, \u201cmund t\u00eb k\u00ebrkohen zgjedhje t\u00eb reja n\u00eb Serbi\u201d.<\/p>\n<p>\u201cQ\u00ebllimi yn\u00eb i p\u00ebrbashk\u00ebt \u00ebsht\u00eb ta shohim Serbin\u00eb si an\u00ebtare t\u00eb Bashkimit Evropian brenda k\u00ebsaj dekade\u201d, shtojn\u00eb ata. K\u00ebrkesa p\u00ebr hetim vjen pasi von der Leyen po p\u00ebrgatit planet p\u00ebr nj\u00eb BE me m\u00eb shum\u00eb se 30 an\u00ebtar\u00eb.<\/p>\n<p>Blloku aktualisht ka 27 vende an\u00ebtare, por n\u00eb dhjetor hapi negociatat e pranimit me Ukrain\u00ebn dhe Moldavin\u00eb. Vende t\u00eb tjera, si Kosova, Gjeorgjia dhe disa tjera t\u00eb Ballkanit Per\u00ebndimor, jan\u00eb n\u00eb faza t\u00eb ndryshme t\u00eb procesit t\u00eb an\u00ebtar\u00ebsimit.\u00a0\/Klankosova.tv<\/p>\n","protected":false},"excerpt":{"rendered":"<p>N\u00eb Parlamentin Evropian, t\u00eb m\u00ebrkur\u00ebn \u00ebsht\u00eb diskutuar mbi parregullsit\u00eb n\u00eb zgjedhjet e p\u00ebrgjithshme dhe ato lokale n\u00eb Serbi. Eurodeputet\u00ebt pat\u00ebn kritika t\u00eb ashpra p\u00ebr vendin fqinj, duke k\u00ebrkuar nga udh\u00ebheq\u00ebsit e shtetit q\u00eb t\u2019i hetojn\u00eb gjetjet e monitoruesve nd\u00ebrkomb\u00ebtar\u00eb. Pas votimeve nga Parlamenti Evropian, t\u00eb enjten, presidentja e Komisionit Evropian, Ursula von der Leyen, ka &hellip;<\/p>\n","protected":false},"author":4,"featured_media":69105,"comment_status":"closed","ping_status":"closed","sticky":false,"template":"","format":"standard","meta":{"footnotes":""},"categories":[38],"tags":[],"class_list":["post-69104","post","type-post","status-publish","format-standard","has-post-thumbnail","","category-bota"],"_links":{"self":[{"href":"https:\/\/rdnews.al\/index.php\/wp-json\/wp\/v2\/posts\/69104","targetHints":{"allow":["GET"]}}],"collection":[{"href":"https:\/\/rdnews.al\/index.php\/wp-json\/wp\/v2\/posts"}],"about":[{"href":"https:\/\/rdnews.al\/index.php\/wp-json\/wp\/v2\/types\/post"}],"author":[{"embeddable":true,"href":"https:\/\/rdnews.al\/index.php\/wp-json\/wp\/v2\/users\/4"}],"replies":[{"embeddable":true,"href":"https:\/\/rdnews.al\/index.php\/wp-json\/wp\/v2\/comments?post=69104"}],"version-history":[{"count":0,"href":"https:\/\/rdnews.al\/index.php\/wp-json\/wp\/v2\/posts\/69104\/revisions"}],"wp:featuredmedia":[{"embeddable":true,"href":"https:\/\/rdnews.al\/index.php\/wp-json\/wp\/v2\/media\/69105"}],"wp:attachment":[{"href":"https:\/\/rdnews.al\/index.php\/wp-json\/wp\/v2\/media?parent=69104"}],"wp:term":[{"taxonomy":"category","embeddable":true,"href":"https:\/\/rdnews.al\/index.php\/wp-json\/wp\/v2\/categories?post=69104"},{"taxonomy":"post_tag","embeddable":true,"href":"https:\/\/rdnews.al\/index.php\/wp-json\/wp\/v2\/tags?post=69104"}],"curies":[{"name":"wp","href":"https:\/\/api.w.org\/{rel}","templated":true}]}}