{"id":6914,"date":"2022-03-11T21:09:56","date_gmt":"2022-03-11T21:09:56","guid":{"rendered":"https:\/\/rdnews.al\/?p=6914"},"modified":"2022-03-11T21:09:56","modified_gmt":"2022-03-11T21:09:56","slug":"mediat-nderkombetare-jehone-protestave-ne-shqiperi-kunder-qeverise","status":"publish","type":"post","link":"https:\/\/rdnews.al\/index.php\/2022\/03\/11\/mediat-nderkombetare-jehone-protestave-ne-shqiperi-kunder-qeverise\/","title":{"rendered":"Mediat nd\u00ebrkomb\u00ebtare, jehon\u00eb protestave n\u00eb Shqip\u00ebri kund\u00ebr qeveris\u00eb"},"content":{"rendered":"<p>Mediat nd\u00ebrkomb\u00ebtare i b\u00ebjn\u00eb jehon\u00eb protestave madh\u00ebshtore t\u00eb qytetar\u00ebve kund\u00ebr qeveris\u00eb.<br \/>\nAl Jazira transmeton pamjet nga protestat n\u00eb Shqip\u00ebri.<\/p>\n","protected":false},"excerpt":{"rendered":"<p>Mediat nd\u00ebrkomb\u00ebtare i b\u00ebjn\u00eb jehon\u00eb protestave madh\u00ebshtore t\u00eb qytetar\u00ebve kund\u00ebr qeveris\u00eb. Al Jazira transmeton pamjet nga protestat n\u00eb Shqip\u00ebri.<\/p>\n","protected":false},"author":4,"featured_media":0,"comment_status":"open","ping_status":"open","sticky":false,"template":"","format":"standard","meta":{"footnotes":""},"categories":[40],"tags":[],"class_list":["post-6914","post","type-post","status-publish","format-standard","","category-aktualitet"],"_links":{"self":[{"href":"https:\/\/rdnews.al\/index.php\/wp-json\/wp\/v2\/posts\/6914","targetHints":{"allow":["GET"]}}],"collection":[{"href":"https:\/\/rdnews.al\/index.php\/wp-json\/wp\/v2\/posts"}],"about":[{"href":"https:\/\/rdnews.al\/index.php\/wp-json\/wp\/v2\/types\/post"}],"author":[{"embeddable":true,"href":"https:\/\/rdnews.al\/index.php\/wp-json\/wp\/v2\/users\/4"}],"replies":[{"embeddable":true,"href":"https:\/\/rdnews.al\/index.php\/wp-json\/wp\/v2\/comments?post=6914"}],"version-history":[{"count":0,"href":"https:\/\/rdnews.al\/index.php\/wp-json\/wp\/v2\/posts\/6914\/revisions"}],"wp:attachment":[{"href":"https:\/\/rdnews.al\/index.php\/wp-json\/wp\/v2\/media?parent=6914"}],"wp:term":[{"taxonomy":"category","embeddable":true,"href":"https:\/\/rdnews.al\/index.php\/wp-json\/wp\/v2\/categories?post=6914"},{"taxonomy":"post_tag","embeddable":true,"href":"https:\/\/rdnews.al\/index.php\/wp-json\/wp\/v2\/tags?post=6914"}],"curies":[{"name":"wp","href":"https:\/\/api.w.org\/{rel}","templated":true}]}}