{"id":69158,"date":"2024-01-19T19:19:45","date_gmt":"2024-01-19T19:19:45","guid":{"rendered":"https:\/\/rdnews.al\/?p=69158"},"modified":"2024-01-19T19:19:45","modified_gmt":"2024-01-19T19:19:45","slug":"borell-hamasi-u-financua-nga-qeveria-izraelite","status":"publish","type":"post","link":"https:\/\/rdnews.al\/index.php\/2024\/01\/19\/borell-hamasi-u-financua-nga-qeveria-izraelite\/","title":{"rendered":"Borell: Hamasi u financua nga qeveria izraelite"},"content":{"rendered":"<p>Shefi i politik\u00ebs s\u00eb jashtme t\u00eb BE-s\u00eb ka akuzuar qeverin\u00eb izraelite p\u00ebr financimin e militant\u00ebve t\u00eb Hamasit n\u00eb nj\u00eb p\u00ebrpjekje p\u00ebr t\u00eb dob\u00ebsuar Autoritetin Palestinez.<\/p>\n<p>Borrell, n\u00eb nj\u00eb fjalim n\u00eb Universitetin e Valladolidit n\u00eb Spanj\u00eb, tha gjithashtu se kryeministri i Izraelit, Benjamin Netanyahu, \u201cpersonalisht\u201d kishte prishur \u00e7do p\u00ebrpjekje p\u00ebr t\u00eb zgjidhur konfliktin izraelito-palestinez prej dekadash.<\/p>\n<p>\u201cPo, Hamasi u financua nga qeveria e Izraelit n\u00eb nj\u00eb p\u00ebrpjekje p\u00ebr t\u00eb dob\u00ebsuar Autoritetin Palestinez t\u00eb udh\u00ebhequr nga Fatah.<\/p>\n<p>Hamasi ka drejtuar Rripin e Gaz\u00ebs q\u00eb nga viti 2007 pas nj\u00eb lufte t\u00eb shkurt\u00ebr civile me forcat e l\u00ebvizjes Fatah, t\u00eb udh\u00ebhequr nga presidenti Mahmoud Abbas, i cili \u00ebsht\u00eb i vendosur n\u00eb Bregun Per\u00ebndimor dhe gjithashtu kryeson Organizat\u00ebn p\u00ebr \u00c7lirimin e Palestin\u00ebs\u201d, tha Borrell.<\/p>\n<p>Netanyahu ka mohuar akuzat nga kund\u00ebrshtar\u00ebt e tij n\u00eb Izrael dhe disa media globale q\u00eb kan\u00eb akuzuar qeverin\u00eb e tij se ka shpenzuar vite n\u00eb m\u00ebnyr\u00eb aktive p\u00ebr t\u00eb nxitur Hamasin, duke p\u00ebrfshir\u00eb lejimin e financimit t\u00eb Gaz\u00ebs nga Katari.<\/p>\n","protected":false},"excerpt":{"rendered":"<p>Shefi i politik\u00ebs s\u00eb jashtme t\u00eb BE-s\u00eb ka akuzuar qeverin\u00eb izraelite p\u00ebr financimin e militant\u00ebve t\u00eb Hamasit n\u00eb nj\u00eb p\u00ebrpjekje p\u00ebr t\u00eb dob\u00ebsuar Autoritetin Palestinez. Borrell, n\u00eb nj\u00eb fjalim n\u00eb Universitetin e Valladolidit n\u00eb Spanj\u00eb, tha gjithashtu se kryeministri i Izraelit, Benjamin Netanyahu, \u201cpersonalisht\u201d kishte prishur \u00e7do p\u00ebrpjekje p\u00ebr t\u00eb zgjidhur konfliktin izraelito-palestinez prej dekadash. &hellip;<\/p>\n","protected":false},"author":4,"featured_media":69159,"comment_status":"closed","ping_status":"closed","sticky":false,"template":"","format":"standard","meta":{"footnotes":""},"categories":[38],"tags":[],"class_list":["post-69158","post","type-post","status-publish","format-standard","has-post-thumbnail","","category-bota"],"_links":{"self":[{"href":"https:\/\/rdnews.al\/index.php\/wp-json\/wp\/v2\/posts\/69158","targetHints":{"allow":["GET"]}}],"collection":[{"href":"https:\/\/rdnews.al\/index.php\/wp-json\/wp\/v2\/posts"}],"about":[{"href":"https:\/\/rdnews.al\/index.php\/wp-json\/wp\/v2\/types\/post"}],"author":[{"embeddable":true,"href":"https:\/\/rdnews.al\/index.php\/wp-json\/wp\/v2\/users\/4"}],"replies":[{"embeddable":true,"href":"https:\/\/rdnews.al\/index.php\/wp-json\/wp\/v2\/comments?post=69158"}],"version-history":[{"count":0,"href":"https:\/\/rdnews.al\/index.php\/wp-json\/wp\/v2\/posts\/69158\/revisions"}],"wp:featuredmedia":[{"embeddable":true,"href":"https:\/\/rdnews.al\/index.php\/wp-json\/wp\/v2\/media\/69159"}],"wp:attachment":[{"href":"https:\/\/rdnews.al\/index.php\/wp-json\/wp\/v2\/media?parent=69158"}],"wp:term":[{"taxonomy":"category","embeddable":true,"href":"https:\/\/rdnews.al\/index.php\/wp-json\/wp\/v2\/categories?post=69158"},{"taxonomy":"post_tag","embeddable":true,"href":"https:\/\/rdnews.al\/index.php\/wp-json\/wp\/v2\/tags?post=69158"}],"curies":[{"name":"wp","href":"https:\/\/api.w.org\/{rel}","templated":true}]}}