{"id":69164,"date":"2024-01-20T10:28:46","date_gmt":"2024-01-20T10:28:46","guid":{"rendered":"https:\/\/rdnews.al\/?p=69164"},"modified":"2024-01-20T10:29:05","modified_gmt":"2024-01-20T10:29:05","slug":"69164","status":"publish","type":"post","link":"https:\/\/rdnews.al\/index.php\/2024\/01\/20\/69164\/","title":{"rendered":"PD: Ministri Blendi Gonxhe shkel ligjin, vazhdon t\u00eb jet\u00eb pronar i kompanis\u00eb s\u00eb tij private"},"content":{"rendered":"<p><strong>DEKLARAT\u00cb E Z\u00cbDH\u00cbN\u00cbSES P\u00cbR ANTIKORRUPSION, GENTA VANGJELI:<\/strong><\/p>\n<p>Blendi Gonxhja, ministri i ri i Ekonomis\u00eb, Kultur\u00ebs dhe Inovacionit, e ka marr\u00eb dhe q\u00ebndron n\u00eb detyr\u00eb n\u00eb shkelje t\u00eb ligjit.<\/p>\n<p>N\u00eb dat\u00ebn 12 janar 2024, presidenti i Republik\u00ebs e dekretoi Blendi Gonxhen minist\u00ebr duke begenisur Kryeministrin, por duke shp\u00ebrfillur ligjin. Sipas ekstraktit t\u00eb l\u00ebshuar nga QKB m\u00eb dat\u00eb 19 janar 2024 subjekti tregtar Albarent shpk me status aktiv, vazhdon t\u00eb ket\u00eb ka si pronar me 100% t\u00eb kapitalit shtetasin minist\u00ebr Blendi Gonxhja.<\/p>\n<p><img loading=\"lazy\" decoding=\"async\" class=\"alignnone size-medium wp-image-69165\" src=\"https:\/\/rdnews.al\/wp-content\/uploads\/2024\/01\/1-1-231x300.jpeg\" alt=\"\" width=\"231\" height=\"300\" srcset=\"https:\/\/rdnews.al\/wp-content\/uploads\/2024\/01\/1-1-231x300.jpeg 231w, https:\/\/rdnews.al\/wp-content\/uploads\/2024\/01\/1-1.jpeg 752w\" sizes=\"auto, (max-width: 231px) 100vw, 231px\" \/><\/p>\n<p>Ajo q\u00eb, si ministri, si shefi i tij Rama, por edhe Presidenti shp\u00ebrfillin apo b\u00ebjn\u00eb sikur nuk e dine, \u00ebsht\u00eb ligji i cili e thot\u00eb qart\u00eb n\u00eb nenin 27, pika B dhe C. B\u00ebhet fjal\u00eb p\u00ebr ligjin Nr.9367 P\u00cbR\u00a0<strong>PARANDALIMIN E KONFLIKTIT T\u00cb INTERESAVE N\u00cb USHTRIMIN E FUNKSIONEVE PUBLIKE. Shprehimisht ky ligj lexon<\/strong>:<\/p>\n<p><em>Kryeministri, Z\u00ebvend\u00ebskryeministri, ministri dhe z\u00ebvend\u00ebsministri: b) nuk mund t\u00eb ushtrojn\u00eb veprimtari private, q\u00eb krijon t\u00eb ardhura n\u00eb form\u00ebn e personit fizik tregtar, ortak\u00ebri personash fizik\u00eb tregtar\u00eb t\u00eb \u00e7do forme c) nuk mund t\u00eb zot\u00ebrojn\u00eb n\u00eb m\u00ebnyr\u00eb aktive aksione ose pjes\u00eb t\u00eb kapitalit t\u00eb nj\u00eb shoq\u00ebrie tregtare, pavar\u00ebsisht nga fusha e veprimtaris\u00eb s\u00eb saj.<\/em><\/p>\n<p>N\u00eb k\u00ebto kushte Partia Demokratike dhe besoj \u00e7do qytetar i p\u00ebrgjegjsh\u00ebm b\u00ebn pyetjen:<\/p>\n<p>Si mundet t\u00eb ushtroj\u00eb detyr\u00ebn e lart\u00eb shtet\u00ebrore t\u00eb ministrit pronari i shoq\u00ebris\u00eb tregtare Albarent shpk?<\/p>\n<p>A \u00ebsht\u00eb ai n\u00eb konflikt interesi?<\/p>\n<p>A do ta p\u00ebrdor\u00eb postin p\u00ebr t\u00eb favorizuar firm\u00ebn e tij n\u00ebp\u00ebrmjet koncesionesh, tenderash etj?<\/p>\n<p>Pse \u00ebsht\u00eb shp\u00ebrfillur ligji nga kryeministri, presidenti dhe vet\u00eb ministri? Ku e gjejn\u00eb k\u00ebt\u00eb arroganc\u00eb dhe forc\u00eb q\u00eb i b\u00ebn ta shohin ligjin si t\u00eb ishte mobilje zyre?<\/p>\n<p><img loading=\"lazy\" decoding=\"async\" class=\"alignnone size-medium wp-image-69166\" src=\"https:\/\/rdnews.al\/wp-content\/uploads\/2024\/01\/2-2-300x207.jpeg\" alt=\"\" width=\"300\" height=\"207\" srcset=\"https:\/\/rdnews.al\/wp-content\/uploads\/2024\/01\/2-2-300x207.jpeg 300w, https:\/\/rdnews.al\/wp-content\/uploads\/2024\/01\/2-2-768x530.jpeg 768w, https:\/\/rdnews.al\/wp-content\/uploads\/2024\/01\/2-2-110x75.jpeg 110w, https:\/\/rdnews.al\/wp-content\/uploads\/2024\/01\/2-2.jpeg 915w\" sizes=\"auto, (max-width: 300px) 100vw, 300px\" \/><\/p>\n<p>Blendi Gonxhja, p\u00ebrpara marrjes s\u00eb detyr\u00ebs s\u00eb ministrit duhej, ose t\u00eb ishte vet\u00ebp\u00ebrjashtuar nga shoq\u00ebria tregtare ose t\u00eb refuzonte detyr\u00ebn shtet\u00ebrore\u2026<\/p>\n<p>Nj\u00ebr\u00ebn ose tjetr\u00ebn.<\/p>\n<p>Por zoti Gonxhja dhe ministrat e Ram\u00ebs jan\u00eb m\u00ebsuar me nj\u00eb dor\u00eb n\u00eb kek dhe tjetr\u00ebn n\u00eb byrek.<\/p>\n<p>U duhen t\u00eb vjedhin para q\u00eb me to m\u00eb pas t\u00eb vjedhin zgjedhjet dhe madje t\u00eb dalin e t\u00eb thon\u00eb se kan\u00eb fituar me vot\u00eb.<\/p>\n<p>Blendi Gonxhja nuk duhet t\u00eb ishte em\u00ebruar nga Kryeministri, nuk duhet t\u00eb ishte dekretuar nga Presidenti.<\/p>\n<p>Blendi Gonxhja, duhet t\u00eb jap\u00eb menj\u00ebher\u00eb dor\u00ebheqjen nga funksioni publik \u2026.<\/p>\n","protected":false},"excerpt":{"rendered":"<p>DEKLARAT\u00cb E Z\u00cbDH\u00cbN\u00cbSES P\u00cbR ANTIKORRUPSION, GENTA VANGJELI: Blendi Gonxhja, ministri i ri i Ekonomis\u00eb, Kultur\u00ebs dhe Inovacionit, e ka marr\u00eb dhe q\u00ebndron n\u00eb detyr\u00eb n\u00eb shkelje t\u00eb ligjit. N\u00eb dat\u00ebn 12 janar 2024, presidenti i Republik\u00ebs e dekretoi Blendi Gonxhen minist\u00ebr duke begenisur Kryeministrin, por duke shp\u00ebrfillur ligjin. Sipas ekstraktit t\u00eb l\u00ebshuar nga QKB m\u00eb &hellip;<\/p>\n","protected":false},"author":4,"featured_media":69167,"comment_status":"closed","ping_status":"closed","sticky":false,"template":"","format":"standard","meta":{"footnotes":""},"categories":[37],"tags":[],"class_list":["post-69164","post","type-post","status-publish","format-standard","has-post-thumbnail","","category-politike"],"_links":{"self":[{"href":"https:\/\/rdnews.al\/index.php\/wp-json\/wp\/v2\/posts\/69164","targetHints":{"allow":["GET"]}}],"collection":[{"href":"https:\/\/rdnews.al\/index.php\/wp-json\/wp\/v2\/posts"}],"about":[{"href":"https:\/\/rdnews.al\/index.php\/wp-json\/wp\/v2\/types\/post"}],"author":[{"embeddable":true,"href":"https:\/\/rdnews.al\/index.php\/wp-json\/wp\/v2\/users\/4"}],"replies":[{"embeddable":true,"href":"https:\/\/rdnews.al\/index.php\/wp-json\/wp\/v2\/comments?post=69164"}],"version-history":[{"count":0,"href":"https:\/\/rdnews.al\/index.php\/wp-json\/wp\/v2\/posts\/69164\/revisions"}],"wp:featuredmedia":[{"embeddable":true,"href":"https:\/\/rdnews.al\/index.php\/wp-json\/wp\/v2\/media\/69167"}],"wp:attachment":[{"href":"https:\/\/rdnews.al\/index.php\/wp-json\/wp\/v2\/media?parent=69164"}],"wp:term":[{"taxonomy":"category","embeddable":true,"href":"https:\/\/rdnews.al\/index.php\/wp-json\/wp\/v2\/categories?post=69164"},{"taxonomy":"post_tag","embeddable":true,"href":"https:\/\/rdnews.al\/index.php\/wp-json\/wp\/v2\/tags?post=69164"}],"curies":[{"name":"wp","href":"https:\/\/api.w.org\/{rel}","templated":true}]}}