{"id":69199,"date":"2024-01-20T12:56:28","date_gmt":"2024-01-20T12:56:28","guid":{"rendered":"https:\/\/rdnews.al\/?p=69199"},"modified":"2024-01-20T12:56:56","modified_gmt":"2024-01-20T12:56:56","slug":"prokurori-prenci-nuk-po-heton-per-inceneratorin-fantazme-te-tiranes-veliaj-zyrtari-kryesor-i-kesaj-afere","status":"publish","type":"post","link":"https:\/\/rdnews.al\/index.php\/2024\/01\/20\/prokurori-prenci-nuk-po-heton-per-inceneratorin-fantazme-te-tiranes-veliaj-zyrtari-kryesor-i-kesaj-afere\/","title":{"rendered":"K\u00eblli\u00e7i: Prokurori Pren\u00e7i nuk po heton p\u00ebr inceneratorin fantazm\u00eb t\u00eb Tiran\u00ebs, Veliaj zyrtari kryesor i k\u00ebsaj afere"},"content":{"rendered":"<p><strong>DEKLARAT\u00cb P\u00cbR MEDIA E AN\u00cbTARIT T\u00cb KRYESIS\u00cb N\u00cb PD, BELIND K\u00cbLLI\u00c7I<\/strong><\/p>\n<p><em>T\u00eb nderuar qytetar\u00eb!<\/em><\/p>\n<p>Jam sot p\u00ebrpara jush p\u00ebr t\u00eb b\u00ebr\u00eb publike nj\u00eb k\u00ebrkes\u00eb zyrtare t\u00eb cil\u00ebn sot do ia p\u00ebrcjell drejtuesit t\u00eb Struktur\u00ebs s\u00eb Posa\u00e7me Kund\u00ebr Korrupsionit dhe Krimit t\u00eb Organizuar, z. Altin Dumani. Kjo k\u00ebrkes\u00eb vjen si pasoje e mos reagimit nga ana e prokurorit Dritan Pren\u00e7i, i cili ka n\u00ebn hetim \u00e7\u00ebshtjen m\u00eb t\u00eb r\u00ebnd\u00ebsishme t\u00eb k\u00ebtyre tre dekadave, at\u00eb t\u00eb Inceneratorit fantazm\u00eb t\u00eb Tiran\u00ebs.<\/p>\n<p>Deri m\u00eb sot, kemi faktuar me prova dhe fakte p\u00ebrtej dyshimit t\u00eb arsyesh\u00ebm, se Erion Veliaj \u00ebsht\u00eb zyrtari kryesor i cili me veprimet dhe mos veprimet e tij, ka ideuar, miratuar dhe implementuar k\u00ebt\u00eb mega afer\u00eb korruptive. K\u00ebto prova gjenden pik\u00ebrisht n\u00eb hetimin q\u00eb ka kryer vete drejtuesi i SPAK, Altin Dumani, n\u00eb dosjen hetimore ndaj ish zv. Kryeministrit, Arben Ahmetaj.<\/p>\n<p>K\u00ebto prova gjenden n\u00eb raportin e KLSH, i cili \u00ebsht\u00eb administruar nga prokurori Pren\u00e7i. N\u00eb k\u00ebrkes\u00ebn time, i drejtohem z. Dumani, q\u00eb t\u00eb mbaje t\u00eb nj\u00ebjtin standard, tashm\u00eb t\u00eb b\u00ebr\u00eb publik prej tij n\u00eb takimin informal me gazetar\u00ebt n\u00eb fund t\u00eb dhjetorit t\u00eb kaluar, ku \u00ebsht\u00eb shprehur p\u00ebr hetimin e koncensionit t\u00eb sterilizimit dhe implikimin e ish-ministrit Ilir Beqja. Citojm\u00eb:<\/p>\n<p>\u201cJemi prokuror\u00eb, por s\u2019do t\u00eb thot\u00eb t\u00eb mendojm\u00eb dhe arsyetojm\u00eb t\u00eb gjith\u00eb nj\u00ebsoj. Kam nd\u00ebrhyr\u00eb me udh\u00ebzim detyrues q\u00eb n\u00eb muajin maj, kur nuk ishin dh\u00ebn\u00eb masat e para. Kam shprehur q\u00ebndrimin tim n\u00eb raport me \u00e7\u00ebshtjen dhe rolin e ish-ministrit. Prokuror\u00ebt e \u00e7\u00ebshtjes n\u00eb vijim kan\u00eb marr\u00eb pjes\u00ebrisht n\u00eb konsiderat\u00eb q\u00ebndrimet e mia, por edhe t\u00eb gjyqtarit Bani\u201d.<\/p>\n<p>N\u00eb lidhje me hetimet p\u00ebr dosjen e inceneratorit t\u00eb Tiran\u00ebs, drejtuesi Dumani shprehet se: \u201c\u00cbsht\u00eb n\u00eb faz\u00eb hetimesh paraprake q\u00eb vazhdojn\u00eb n\u00eb drejtim t\u00eb \u00e7do faktori q\u00eb mund t\u00eb ket\u00eb kryer veprime penale. Hetimet po b\u00ebhen n\u00eb kuad\u00ebr t\u00eb t\u00eb nj\u00ebjtit procedim, jo me fraksion\u201d.<\/p>\n<p>Bazuar nga sa m\u00eb sip\u00ebr, i k\u00ebrkojm\u00eb z. Dumani q\u00eb t\u00eb ruaj\u00eb t\u00eb nj\u00ebjtin standard si n\u00eb afer\u00ebn e sterilizimit dhe t\u00eb reagoj\u00eb sa m\u00eb pare me nj\u00eb udh\u00ebzim detyrues, pasi si\u00e7 e kemi provuar me fakte t\u00eb pamohueshme, deri m\u00eb tani jan\u00eb grabitur 120 milion\u00eb euro p\u00ebr nj\u00eb incenerator q\u00eb nuk ekziston dhe k\u00ebto para t\u00eb taksapaguesve shqiptar\u00eb jan\u00eb transferuar n\u00eb llogari offshore, n\u00eb disa vende t\u00eb bot\u00ebs, kurse asetet q\u00eb ndodhen ne vendin tone, po p\u00ebrdoren p\u00ebr t\u00eb lin\u00e7uar dhe k\u00ebrc\u00ebnuar denoncuesit e k\u00ebsaj afere n\u00eb mediat e blera me parat\u00eb e korrupsionit qeveritar.<\/p>\n<p>Deri m\u00eb sot kemi par\u00eb k\u00ebt\u00eb struktur\u00eb t\u00eb kryej\u00eb veprime arbitrare, n\u00eb shkelje flagrante t\u00eb Kushtetut\u00ebs, duke izoluar pa asnj\u00eb akuz\u00eb apo prov\u00eb Kryetarin e Opozit\u00ebs dhe familjar\u00eb t\u00eb tij, e nd\u00ebrkoh\u00eb kur vjen puna p\u00ebr Edi Ram\u00ebn dhe Erion Veliajn, t\u00eb cil\u00ebt jan\u00eb t\u00eb kapur n\u00eb flagranc\u00eb me firmat e tyre, me z\u00eb dhe me figur\u00eb duke kryer vepra t\u00eb r\u00ebnda penale, SPAK as nuk sheh, as nuk d\u00ebgjon dhe as nuk vepron.<\/p>\n<p>Ky standard \u00ebsht\u00eb i papranuesh\u00ebm edhe p\u00ebr vendet dhe regjimet m\u00eb t\u00eb egra autoritare, e jo m\u00eb n\u00eb Shqip\u00ebri, ku pritshm\u00ebrit\u00eb p\u00ebr nj\u00eb vend aspirant p\u00ebr t\u2019u an\u00ebtar\u00ebsuar n\u00eb BE, jan\u00eb q\u00eb \u00e7do zyrtar i korruptuar, t\u00eb vendoset p\u00ebrpara drejt\u00ebsis\u00eb, pavar\u00ebsisht emrit t\u00eb p\u00ebrve\u00e7\u00ebm q\u00eb mund t\u00eb ket\u00eb.<\/p>\n<p>Barra e prov\u00ebs tashm\u00eb bie mbi SPAK. \u00cbsht\u00eb momenti ta tregoni me akte dhe veprime konkrete, se nuk jeni pal\u00eb me t\u00eb korruptuarit dhe nuk jeni avokat\u00ebt mbrojt\u00ebs t\u00eb Edi Ram\u00ebs dhe Erion Veliajt.<\/p>\n<p><em>Ju faleminderit!<\/em><\/p>\n","protected":false},"excerpt":{"rendered":"<p>DEKLARAT\u00cb P\u00cbR MEDIA E AN\u00cbTARIT T\u00cb KRYESIS\u00cb N\u00cb PD, BELIND K\u00cbLLI\u00c7I T\u00eb nderuar qytetar\u00eb! Jam sot p\u00ebrpara jush p\u00ebr t\u00eb b\u00ebr\u00eb publike nj\u00eb k\u00ebrkes\u00eb zyrtare t\u00eb cil\u00ebn sot do ia p\u00ebrcjell drejtuesit t\u00eb Struktur\u00ebs s\u00eb Posa\u00e7me Kund\u00ebr Korrupsionit dhe Krimit t\u00eb Organizuar, z. Altin Dumani. Kjo k\u00ebrkes\u00eb vjen si pasoje e mos reagimit nga ana &hellip;<\/p>\n","protected":false},"author":4,"featured_media":69200,"comment_status":"closed","ping_status":"closed","sticky":false,"template":"","format":"standard","meta":{"footnotes":""},"categories":[37],"tags":[],"class_list":["post-69199","post","type-post","status-publish","format-standard","has-post-thumbnail","","category-politike"],"_links":{"self":[{"href":"https:\/\/rdnews.al\/index.php\/wp-json\/wp\/v2\/posts\/69199","targetHints":{"allow":["GET"]}}],"collection":[{"href":"https:\/\/rdnews.al\/index.php\/wp-json\/wp\/v2\/posts"}],"about":[{"href":"https:\/\/rdnews.al\/index.php\/wp-json\/wp\/v2\/types\/post"}],"author":[{"embeddable":true,"href":"https:\/\/rdnews.al\/index.php\/wp-json\/wp\/v2\/users\/4"}],"replies":[{"embeddable":true,"href":"https:\/\/rdnews.al\/index.php\/wp-json\/wp\/v2\/comments?post=69199"}],"version-history":[{"count":0,"href":"https:\/\/rdnews.al\/index.php\/wp-json\/wp\/v2\/posts\/69199\/revisions"}],"wp:featuredmedia":[{"embeddable":true,"href":"https:\/\/rdnews.al\/index.php\/wp-json\/wp\/v2\/media\/69200"}],"wp:attachment":[{"href":"https:\/\/rdnews.al\/index.php\/wp-json\/wp\/v2\/media?parent=69199"}],"wp:term":[{"taxonomy":"category","embeddable":true,"href":"https:\/\/rdnews.al\/index.php\/wp-json\/wp\/v2\/categories?post=69199"},{"taxonomy":"post_tag","embeddable":true,"href":"https:\/\/rdnews.al\/index.php\/wp-json\/wp\/v2\/tags?post=69199"}],"curies":[{"name":"wp","href":"https:\/\/api.w.org\/{rel}","templated":true}]}}