{"id":69337,"date":"2024-01-22T13:02:43","date_gmt":"2024-01-22T13:02:43","guid":{"rendered":"https:\/\/rdnews.al\/?p=69337"},"modified":"2024-01-22T13:03:23","modified_gmt":"2024-01-22T13:03:23","slug":"protesta-700-punonjes-te-spitalit-te-shkodres-ende-pa-marre-pagat-e-dhjetorit","status":"publish","type":"post","link":"https:\/\/rdnews.al\/index.php\/2024\/01\/22\/protesta-700-punonjes-te-spitalit-te-shkodres-ende-pa-marre-pagat-e-dhjetorit\/","title":{"rendered":"Protesta\/ 700 punonj\u00ebsit e spitalit t\u00eb Shkodr\u00ebs ende pa marr\u00eb pagat e Dhjetorit"},"content":{"rendered":"<p>Sindikata e sh\u00ebndet\u00ebsis\u00eb n\u00eb spitalin e Shkodr\u00ebs dhe nj\u00eb grup punonj\u00ebsish, dit\u00ebn e sotme, n\u00eb nj\u00eb deklarat\u00eb p\u00ebr mediet than\u00eb se ende nuk u ka dal\u00eb paga e muajit dhjetor, duke qen\u00eb k\u00ebshtu me afro 18 dit\u00eb vones\u00eb.<\/p>\n<p>Kreu i sindikat\u00ebs s\u00eb sh\u00ebndet\u00ebsis\u00eb, Paolo Kaceri, deklaroi se spitali i Shkodr\u00ebs i ka kryer procedurat e pagave por kjo vones\u00eb vjen nga neglizhenca e ministris\u00eb s\u00eb Sh\u00ebndet\u00ebsis\u00eb.<br \/>\nKaceri tha se jan\u00eb mbi 700 punonj\u00ebs t\u00eb spitalit, ku shum\u00eb prej tyre me probleme ekonomike, duhet t\u00eb shlyejn\u00eb kredit\u00eb n\u00eb bankat e nivelit t\u00eb dyt\u00eb. Por nj\u00eb pjes\u00eb e tyre do t\u00eb duhet t\u2019i paguajn\u00eb kredit\u00eb me kamatvonesa p\u00ebr shkak se ministria nuk ka akorduar ende pagat.<\/p>\n<p>Kaceri tha gjithashtu se nj\u00eb pjes\u00eb e punonj\u00ebsve t\u00eb spitalit rrezikojn\u00eb t\u00eb braktisin pun\u00ebn derisa t\u00eb jepen pagat e dhjetorit t\u00eb vitit t\u00eb kaluar.<\/p>\n<p>Kjo situat\u00eb \u00ebsht\u00eb e p\u00ebrs\u00ebritur tha Kaceri ndaj k\u00ebrkon nj\u00eb zgjidhje sa m\u00eb t\u00eb shpejt\u00eb sepse sipas tij nuk ka ende nj\u00eb dat\u00eb se kur mund t\u00eb merren pagat.<\/p>\n","protected":false},"excerpt":{"rendered":"<p>Sindikata e sh\u00ebndet\u00ebsis\u00eb n\u00eb spitalin e Shkodr\u00ebs dhe nj\u00eb grup punonj\u00ebsish, dit\u00ebn e sotme, n\u00eb nj\u00eb deklarat\u00eb p\u00ebr mediet than\u00eb se ende nuk u ka dal\u00eb paga e muajit dhjetor, duke qen\u00eb k\u00ebshtu me afro 18 dit\u00eb vones\u00eb. Kreu i sindikat\u00ebs s\u00eb sh\u00ebndet\u00ebsis\u00eb, Paolo Kaceri, deklaroi se spitali i Shkodr\u00ebs i ka kryer procedurat e &hellip;<\/p>\n","protected":false},"author":4,"featured_media":69338,"comment_status":"closed","ping_status":"closed","sticky":false,"template":"","format":"standard","meta":{"footnotes":""},"categories":[46],"tags":[],"class_list":["post-69337","post","type-post","status-publish","format-standard","has-post-thumbnail","","category-ekonomi"],"_links":{"self":[{"href":"https:\/\/rdnews.al\/index.php\/wp-json\/wp\/v2\/posts\/69337","targetHints":{"allow":["GET"]}}],"collection":[{"href":"https:\/\/rdnews.al\/index.php\/wp-json\/wp\/v2\/posts"}],"about":[{"href":"https:\/\/rdnews.al\/index.php\/wp-json\/wp\/v2\/types\/post"}],"author":[{"embeddable":true,"href":"https:\/\/rdnews.al\/index.php\/wp-json\/wp\/v2\/users\/4"}],"replies":[{"embeddable":true,"href":"https:\/\/rdnews.al\/index.php\/wp-json\/wp\/v2\/comments?post=69337"}],"version-history":[{"count":0,"href":"https:\/\/rdnews.al\/index.php\/wp-json\/wp\/v2\/posts\/69337\/revisions"}],"wp:featuredmedia":[{"embeddable":true,"href":"https:\/\/rdnews.al\/index.php\/wp-json\/wp\/v2\/media\/69338"}],"wp:attachment":[{"href":"https:\/\/rdnews.al\/index.php\/wp-json\/wp\/v2\/media?parent=69337"}],"wp:term":[{"taxonomy":"category","embeddable":true,"href":"https:\/\/rdnews.al\/index.php\/wp-json\/wp\/v2\/categories?post=69337"},{"taxonomy":"post_tag","embeddable":true,"href":"https:\/\/rdnews.al\/index.php\/wp-json\/wp\/v2\/tags?post=69337"}],"curies":[{"name":"wp","href":"https:\/\/api.w.org\/{rel}","templated":true}]}}