{"id":69344,"date":"2024-01-22T17:21:39","date_gmt":"2024-01-22T17:21:39","guid":{"rendered":"https:\/\/rdnews.al\/?p=69344"},"modified":"2024-01-22T17:21:39","modified_gmt":"2024-01-22T17:21:39","slug":"marreveshja-rama-meloni-voa-amnesty-international-thirrje-deputeteve-italiane-qe-ta-rrezojne","status":"publish","type":"post","link":"https:\/\/rdnews.al\/index.php\/2024\/01\/22\/marreveshja-rama-meloni-voa-amnesty-international-thirrje-deputeteve-italiane-qe-ta-rrezojne\/","title":{"rendered":"Marr\u00ebveshja Rama-Meloni, VOA: Amnesty International thirrje deputet\u00ebve italian\u00eb q\u00eb ta rr\u00ebzojn\u00eb"},"content":{"rendered":"<p>Organizata Amnesty International shprehu s\u00ebrish sot shqet\u00ebsim p\u00ebr marr\u00ebveshjen mes Italis\u00eb dhe Shqip\u00ebris\u00eb p\u00ebr migrant\u00ebt e nisur nga vendet e Afrik\u00ebs veriore, e cila parashikon mbajtjen e tyre n\u00eb territorin shqiptar, n\u00eb pritje t\u00eb shqyrtimit t\u00eb k\u00ebrkesave p\u00ebr azil. Nd\u00ebrsa protokolli mes dy vendeve nisi t\u00eb diskutohet sot n\u00eb Dhom\u00ebn e deputet\u00ebve, organizata e njohur p\u00ebr mbrojtjen e t\u00eb drejtave t\u00eb njeriut, i b\u00ebri thirrje parlamentar\u00ebve italian\u00eb q\u00eb ta kund\u00ebrshtojn\u00eb at\u00eb<\/p>\n<p>Marr\u00ebveshja e n\u00ebnshkruar n\u00eb 6 n\u00ebntor t\u00eb vitit t\u00eb kaluar n\u00eb Rom\u00eb, mes kryeministres italiane Giorgia Meloni dhe atij shqiptar Edi Rama, parashikon ngritjen e dy qendrave, e para n\u00eb Sh\u00ebngjin ku do t\u00eb kryhen procedurat e verifikimit t\u00eb migrant\u00ebve dhe e dyta n\u00eb Gjad\u00ebr, ku ata do t\u00eb mbahen t\u00eb izoluar, deri n\u00eb p\u00ebrfundim t\u00eb procedurave p\u00ebr pranimin ose jo t\u00eb azilit.<\/p>\n<p>Sipas deklarat\u00ebs s\u00eb sotme t\u00eb Amnesty International \u201cskema p\u00ebr nd\u00ebrtimin e qendrave t\u00eb ndalimit t\u00eb emigrant\u00ebve n\u00eb Shqip\u00ebri \u00ebsht\u00eb pjes\u00eb e nj\u00eb tendence m\u00eb t\u00eb gjer\u00eb nd\u00ebrkomb\u00ebtare p\u00ebr t\u00eb zhvendosur kontrollin kufitar dhe p\u00ebrpunimin e azilit n\u00eb vendet e treta: nj\u00eb l\u00ebvizje q\u00eb k\u00ebrc\u00ebnon t\u00eb drejtat e njeriut t\u00eb migrant\u00ebve dhe refugjat\u00ebve dhe mund t\u00eb \u00e7oj\u00eb n\u00eb vuajtje m\u00eb t\u00eb m\u00ebdha\u201d.<\/p>\n<p>Matteo de Bellis, hulumtues p\u00ebr Migracionin dhe Azilin pran\u00eb organizat\u00ebs vler\u00ebson se \u201ckjo marr\u00ebveshje p\u00ebrfaq\u00ebson nj\u00eb tjet\u00ebr p\u00ebrpjekje t\u00eb turpshme nga Italia p\u00ebr t\u00eb anashkaluar ligjin nd\u00ebrkomb\u00ebtar dhe t\u00eb BE-s\u00eb, me pasoja t\u00eb mundshme t\u00eb r\u00ebnda p\u00ebr njer\u00ebzit q\u00eb k\u00ebrkojn\u00eb azil.\u201d Sipas tij \u201cky propozim i pazbatuesh\u00ebm, i d\u00ebmsh\u00ebm dhe i paligjsh\u00ebm do t\u00eb b\u00ebnte q\u00eb njer\u00ebz n\u00eb nevoj\u00eb, t\u2019i n\u00ebnshtroheshin transferimeve t\u00eb gjata dhe t\u00eb panevojshme nga deti dhe t\u00eb p\u00ebrfundonin n\u00eb ndalim automatik dhe potencialisht t\u00eb zgjatur, n\u00eb kund\u00ebrshtim me t\u00eb drejt\u00ebn nd\u00ebrkomb\u00ebtare.\u201d<\/p>\n<p>Sipas protokollit mes dy vendeve, n\u00eb Shqip\u00ebri do t\u00eb transferohen migrant\u00ebt e kapur n\u00eb det t\u00eb hapur. \u201cMe qindra milje distanc\u00eb midis Mesdheut qendror, ku ndodhin shumica e kalimeve dhe mbytjeve t\u00eb anijeve, dhe Shqip\u00ebris\u00eb, marr\u00ebveshja shkel qart\u00eb detyrimin e Italis\u00eb p\u00ebr t\u00eb zbarkuar njer\u00ebzit e shp\u00ebtuar n\u00eb det sa m\u00eb shpejt q\u00eb t\u00eb jet\u00eb e mundur pas shp\u00ebtimit t\u00eb tyre. Ajo mund t\u00eb dob\u00ebsoj\u00eb gjithashtu sistemin m\u00eb t\u00eb gjer\u00eb t\u00eb k\u00ebrkimit dhe shp\u00ebtimit, i cili ka t\u00eb ngjar\u00eb t\u00eb rrezikoj\u00eb sigurin\u00eb e njer\u00ebzve q\u00eb kan\u00eb nevoj\u00eb p\u00ebr shp\u00ebtim n\u00eb det\u201d, v\u00eb n\u00eb dukje deklarata e Amnesty International.<\/p>\n<p>Sias marr\u00ebveshjesh Shqip\u00ebria ofron vet\u00ebm territorin e saj, nd\u00ebrkoh\u00eb q\u00eb p\u00ebrgjegj\u00ebsia, p\u00ebrfshir\u00eb dhe juridiksionin mbi dy qendrat, mbetet vet\u00ebm e Italis\u00eb. \u201cNd\u00ebrsa zbatimi i juridiksionit italian duket se premton akses n\u00eb garancit\u00eb procedurale dhe t\u00eb drejtat e azilit n\u00eb p\u00ebrputhje me ligjin italian dhe t\u00eb BE-s\u00eb, n\u00eb realitet aksesi n\u00eb garanci t\u00eb tilla mund t\u00eb pengohet r\u00ebnd\u00eb\u201d, thekson Amnesty, pasi sipas saj \u201ct\u00eb gjith\u00eb personat e sjell\u00eb n\u00eb qendrat n\u00eb Shqip\u00ebri, p\u00ebrfshir\u00eb edhe azilk\u00ebrkuesit, do t\u00eb ndaloheshin automatikisht. Ndalimi automatik \u00ebsht\u00eb n\u00eb thelb arbitrar dhe p\u00ebr k\u00ebt\u00eb arsye i paligjsh\u00ebm. E kombinuar me ndryshimet e fundit n\u00eb ligjin italian, marr\u00ebveshja mund t\u00eb \u00e7oj\u00eb n\u00eb ndalimin, n\u00eb m\u00ebnyr\u00eb t\u00eb vazhdueshme t\u00eb peronave, p\u00ebr m\u00eb shum\u00eb se 18 muaj\u201d.<\/p>\n<p>Deklarata e organizat\u00ebs p\u00ebr t\u00eb Drejtat e njeriut, vjen nd\u00ebrsa sot n\u00eb Dhom\u00ebn e deputet\u00ebve t\u00eb parlamentit Italian u shqyrtua n\u00eb parim teksti i marr\u00ebveshjes. Votimi pritet gjat\u00eb dy dit\u00ebve t\u00eb ardhshme. \u201cN\u00eb vend q\u00eb t\u00eb ratifikojn\u00eb k\u00ebt\u00eb marr\u00ebveshje t\u00eb d\u00ebmshme, deputet\u00ebt italian\u00eb duhet t\u00eb mb\u00ebshtesin masat p\u00ebr t\u00eb siguruar pritje t\u00eb p\u00ebrshtatshme n\u00eb Itali, qasje n\u00eb nj\u00eb procedur\u00eb efektive azili dhe rrug\u00eb qasjeje t\u00eb sigurta dhe t\u00eb rregullta, ve\u00e7an\u00ebrisht p\u00ebr njer\u00ebzit q\u00eb k\u00ebrkojn\u00eb mbrojtje nd\u00ebrkomb\u00ebtare\u201d, p\u00ebrfundon Amnesty International.<\/p>\n<p>Kryeministrja italiane Giorgia Meloni, e cila vjen nga e djathta nacionaliste, u ngjit n\u00eb pushtet duke premtuar frenimin e migracionit, por n\u00eb fakt prurjet u rrit\u00ebn. Opozita italiane ngriti pik\u00ebpyetje t\u00eb shumta mbi marr\u00ebveshjen dhe po e kund\u00ebrshton at\u00eb me forc\u00eb, duke v\u00ebn\u00eb theksin mbi rrezikun e shkeljes s\u00eb normave dhe konventave nd\u00ebrkomb\u00ebtare, apo dhe mbi vet\u00eb dobin\u00eb e k\u00ebtij akti.<\/p>\n<p>N\u00eb Shqip\u00ebri opozita gjithashtu ka shprehur shqet\u00ebsime serioze. Sipas saj marr\u00ebveshja vler\u00ebsohet t\u00eb ket\u00eb element\u00eb t\u00eb till\u00eb q\u00eb shkojn\u00eb p\u00ebrtej nj\u00eb dokumenti mes dy qeverive, e p\u00ebr pasoj\u00eb do t\u00eb duhej t\u00eb ishte k\u00ebrkuar autorizim nga presidenti i Republik\u00ebs. Po ashtu njohja e juridiksionit italian mbi territorin ku do ngrihen qendrat shihet si c\u00ebnim i sovranitetit dhe integritetit territorial. Pik\u00ebrisht p\u00ebr k\u00ebto \u00e7\u00ebshtje dhe pretendimet se protokolli mes dy vendeve bie ndesh dhe me konventat nd\u00ebrkomb\u00ebtare n\u00eb t\u00eb cilat Shqip\u00ebria \u00ebsht\u00eb pal\u00eb, 28 deputet\u00eb t\u00eb s\u00eb djatht\u00ebs i jan\u00eb drejtuar Gjykat\u00ebs Kushtetuese. N\u00eb muajin dhjetor kjo Gjykat\u00eb vendosi pezullimin e procedurave t\u00eb ratifikimit n\u00eb parlament. \u00c7\u00ebshtja po gjykohet me dyer t\u00eb mbyllura vet\u00ebm mbi baz\u00ebn e dokumentacionit. Pas seanc\u00ebs s\u00eb jav\u00ebs s\u00eb shkuar, me gjas\u00eb Gjykata mund t\u00eb dal\u00eb me nj\u00eb vendim pas dy dit\u00ebsh.\/ VOA<\/p>\n","protected":false},"excerpt":{"rendered":"<p>Organizata Amnesty International shprehu s\u00ebrish sot shqet\u00ebsim p\u00ebr marr\u00ebveshjen mes Italis\u00eb dhe Shqip\u00ebris\u00eb p\u00ebr migrant\u00ebt e nisur nga vendet e Afrik\u00ebs veriore, e cila parashikon mbajtjen e tyre n\u00eb territorin shqiptar, n\u00eb pritje t\u00eb shqyrtimit t\u00eb k\u00ebrkesave p\u00ebr azil. Nd\u00ebrsa protokolli mes dy vendeve nisi t\u00eb diskutohet sot n\u00eb Dhom\u00ebn e deputet\u00ebve, organizata e njohur &hellip;<\/p>\n","protected":false},"author":4,"featured_media":0,"comment_status":"closed","ping_status":"closed","sticky":false,"template":"","format":"standard","meta":{"footnotes":""},"categories":[37],"tags":[],"class_list":["post-69344","post","type-post","status-publish","format-standard","","category-politike"],"_links":{"self":[{"href":"https:\/\/rdnews.al\/index.php\/wp-json\/wp\/v2\/posts\/69344","targetHints":{"allow":["GET"]}}],"collection":[{"href":"https:\/\/rdnews.al\/index.php\/wp-json\/wp\/v2\/posts"}],"about":[{"href":"https:\/\/rdnews.al\/index.php\/wp-json\/wp\/v2\/types\/post"}],"author":[{"embeddable":true,"href":"https:\/\/rdnews.al\/index.php\/wp-json\/wp\/v2\/users\/4"}],"replies":[{"embeddable":true,"href":"https:\/\/rdnews.al\/index.php\/wp-json\/wp\/v2\/comments?post=69344"}],"version-history":[{"count":0,"href":"https:\/\/rdnews.al\/index.php\/wp-json\/wp\/v2\/posts\/69344\/revisions"}],"wp:attachment":[{"href":"https:\/\/rdnews.al\/index.php\/wp-json\/wp\/v2\/media?parent=69344"}],"wp:term":[{"taxonomy":"category","embeddable":true,"href":"https:\/\/rdnews.al\/index.php\/wp-json\/wp\/v2\/categories?post=69344"},{"taxonomy":"post_tag","embeddable":true,"href":"https:\/\/rdnews.al\/index.php\/wp-json\/wp\/v2\/tags?post=69344"}],"curies":[{"name":"wp","href":"https:\/\/api.w.org\/{rel}","templated":true}]}}