{"id":69384,"date":"2024-01-23T08:59:56","date_gmt":"2024-01-23T08:59:56","guid":{"rendered":"https:\/\/rdnews.al\/?p=69384"},"modified":"2024-01-23T09:31:31","modified_gmt":"2024-01-23T09:31:31","slug":"berisha-del-nga-banesa-dhe-niset-drejt-spak-beteja-pa-kthim-vazhdon","status":"publish","type":"post","link":"https:\/\/rdnews.al\/index.php\/2024\/01\/23\/berisha-del-nga-banesa-dhe-niset-drejt-spak-beteja-pa-kthim-vazhdon\/","title":{"rendered":"Berisha del nga banesa dhe niset drejt SPAK: Beteja pa kthim vazhdon!"},"content":{"rendered":"<p>Kryetari i PD, Sali Berisha ka dal\u00eb nga banesa e tij p\u00ebr t\u2019u paraqitur n\u00eb SPAK, ku do t\u00eb merret n\u00eb pyetje p\u00ebr \u00e7\u00ebshtjen e privatizimit t\u00eb ish-kompleksit Partizani.<\/p>\n<p>\u201cBeteja vijon! Beteja pa kthim vazhdon\u201d, ka deklaruar Berisha p\u00ebr gazetar\u00ebt.<\/p>\n<p>Seanca e marrjes n\u00eb pyetje \u00ebsht\u00eb planifikuar p\u00ebr n\u00eb or\u00ebn 10:00, nd\u00ebrkoh\u00eb q\u00eb rreth ambienteve t\u00eb SPAK jan\u00eb mbledhur deputet\u00ebt e PD, bashk\u00ebpun\u00ebtor\u00eb dhe simpatizant\u00eb t\u00eb ish-kryeministrit.<\/p>\n<p>Dy dit\u00eb m\u00eb pas, m\u00eb 25 janar, SPAK ka thirrur p\u00ebr t\u00eb marr\u00eb n\u00eb pyetje edhe dh\u00ebndrin e tij Jamarb\u00ebr Malltezi p\u00ebr t\u00eb nj\u00ebjt\u00ebn \u00e7\u00ebshtje.<\/p>\n<p><img loading=\"lazy\" decoding=\"async\" class=\"alignnone size-medium wp-image-69386\" src=\"https:\/\/rdnews.al\/wp-content\/uploads\/2024\/01\/b-2-300x169.jpg\" alt=\"\" width=\"300\" height=\"169\" srcset=\"https:\/\/rdnews.al\/wp-content\/uploads\/2024\/01\/b-2-300x169.jpg 300w, https:\/\/rdnews.al\/wp-content\/uploads\/2024\/01\/b-2.jpg 640w\" sizes=\"auto, (max-width: 300px) 100vw, 300px\" \/><\/p>\n","protected":false},"excerpt":{"rendered":"<p>Kryetari i PD, Sali Berisha ka dal\u00eb nga banesa e tij p\u00ebr t\u2019u paraqitur n\u00eb SPAK, ku do t\u00eb merret n\u00eb pyetje p\u00ebr \u00e7\u00ebshtjen e privatizimit t\u00eb ish-kompleksit Partizani. \u201cBeteja vijon! Beteja pa kthim vazhdon\u201d, ka deklaruar Berisha p\u00ebr gazetar\u00ebt. Seanca e marrjes n\u00eb pyetje \u00ebsht\u00eb planifikuar p\u00ebr n\u00eb or\u00ebn 10:00, nd\u00ebrkoh\u00eb q\u00eb rreth ambienteve &hellip;<\/p>\n","protected":false},"author":4,"featured_media":69397,"comment_status":"closed","ping_status":"closed","sticky":false,"template":"","format":"standard","meta":{"footnotes":""},"categories":[37],"tags":[],"class_list":["post-69384","post","type-post","status-publish","format-standard","has-post-thumbnail","","category-politike"],"_links":{"self":[{"href":"https:\/\/rdnews.al\/index.php\/wp-json\/wp\/v2\/posts\/69384","targetHints":{"allow":["GET"]}}],"collection":[{"href":"https:\/\/rdnews.al\/index.php\/wp-json\/wp\/v2\/posts"}],"about":[{"href":"https:\/\/rdnews.al\/index.php\/wp-json\/wp\/v2\/types\/post"}],"author":[{"embeddable":true,"href":"https:\/\/rdnews.al\/index.php\/wp-json\/wp\/v2\/users\/4"}],"replies":[{"embeddable":true,"href":"https:\/\/rdnews.al\/index.php\/wp-json\/wp\/v2\/comments?post=69384"}],"version-history":[{"count":0,"href":"https:\/\/rdnews.al\/index.php\/wp-json\/wp\/v2\/posts\/69384\/revisions"}],"wp:featuredmedia":[{"embeddable":true,"href":"https:\/\/rdnews.al\/index.php\/wp-json\/wp\/v2\/media\/69397"}],"wp:attachment":[{"href":"https:\/\/rdnews.al\/index.php\/wp-json\/wp\/v2\/media?parent=69384"}],"wp:term":[{"taxonomy":"category","embeddable":true,"href":"https:\/\/rdnews.al\/index.php\/wp-json\/wp\/v2\/categories?post=69384"},{"taxonomy":"post_tag","embeddable":true,"href":"https:\/\/rdnews.al\/index.php\/wp-json\/wp\/v2\/tags?post=69384"}],"curies":[{"name":"wp","href":"https:\/\/api.w.org\/{rel}","templated":true}]}}