{"id":69550,"date":"2024-01-24T11:26:09","date_gmt":"2024-01-24T11:26:09","guid":{"rendered":"https:\/\/rdnews.al\/?p=69550"},"modified":"2024-01-24T11:26:59","modified_gmt":"2024-01-24T11:26:59","slug":"shtyrja-e-vendimit-per-berishen-avokati-shkelje-e-rende-prokuroret-si-ne-bar-kafe","status":"publish","type":"post","link":"https:\/\/rdnews.al\/index.php\/2024\/01\/24\/shtyrja-e-vendimit-per-berishen-avokati-shkelje-e-rende-prokuroret-si-ne-bar-kafe\/","title":{"rendered":"Shtyrja e vendimit p\u00ebr Berish\u00ebn, avokati: Shkelje e r\u00ebnd\u00eb! Prokuror\u00ebt si n\u00eb bar-kafe"},"content":{"rendered":"<p>Genc Gjokutaj, avokati i kryetarit t\u00eb PD, Sali Berisha, ka folur p\u00ebr mediat pak pasi Apeli i GJKKO shtyu vendimin p\u00ebr ankimimin e Berish\u00ebs mbi mas\u00ebn \u201cArrest sht\u00ebpie\u201d.\u00a0Gjokutaj e cil\u00ebsoi shtyrjen e vendimit nga Apeli, si nj\u00eb shkelje e r\u00ebnd\u00eb, nd\u00ebrsa u shpreh se\u00a0nuk ka barazi pal\u00ebsh n\u00eb gjykim.<\/p>\n<p>\u201cProkuror\u00ebt sot mbajt\u00ebn nj\u00eb q\u00ebndrim, i q\u00ebndruan k\u00ebrkes\u00ebs s\u00eb tyre variab\u00ebl. Presim vendimin. Vendimi p\u00ebr t\u00eb mos administruar p\u00ebrjashtimin e gjyqtares, \u00ebsht\u00eb nj\u00eb shkelje e madhe.<\/p>\n<p>Do presim nes\u00ebr n\u00eb 9 t\u00eb shpallet vendimi.<\/p>\n<p>Mungesa e gjykat\u00ebs i b\u00ebn prokuror\u00ebt t\u00eb vijn\u00eb n\u00eb gjyq si n\u00eb bar kafe, nuk i kan\u00eb problem argumentet q\u00eb b\u00ebjn\u00eb. Nuk ka barazi pal\u00ebsh n\u00eb k\u00ebt\u00eb gjykim. Presim dit\u00ebn e nes\u00ebrme, nuk mund t\u00eb hipotezoj sot p\u00ebr vendimin e nes\u00ebrm.<\/p>\n<p>Rr\u00ebzohet p\u00ebrfundimisht alibia e SPAK q\u00eb Berisha i shmanget SPAK dhe u v\u00ebrtetua se procesi po ec\u00ebn normalisht dhe nuk e kuptoj \u00e7far\u00eb sensi ka masa kur jemi n\u00eb nj\u00eb realitet t\u00eb ri\u201d, tha vokati Gjokutaj.<\/p>\n","protected":false},"excerpt":{"rendered":"<p>Genc Gjokutaj, avokati i kryetarit t\u00eb PD, Sali Berisha, ka folur p\u00ebr mediat pak pasi Apeli i GJKKO shtyu vendimin p\u00ebr ankimimin e Berish\u00ebs mbi mas\u00ebn \u201cArrest sht\u00ebpie\u201d.\u00a0Gjokutaj e cil\u00ebsoi shtyrjen e vendimit nga Apeli, si nj\u00eb shkelje e r\u00ebnd\u00eb, nd\u00ebrsa u shpreh se\u00a0nuk ka barazi pal\u00ebsh n\u00eb gjykim. \u201cProkuror\u00ebt sot mbajt\u00ebn nj\u00eb q\u00ebndrim, i &hellip;<\/p>\n","protected":false},"author":4,"featured_media":69551,"comment_status":"closed","ping_status":"closed","sticky":false,"template":"","format":"standard","meta":{"footnotes":""},"categories":[37],"tags":[],"class_list":["post-69550","post","type-post","status-publish","format-standard","has-post-thumbnail","","category-politike"],"_links":{"self":[{"href":"https:\/\/rdnews.al\/index.php\/wp-json\/wp\/v2\/posts\/69550","targetHints":{"allow":["GET"]}}],"collection":[{"href":"https:\/\/rdnews.al\/index.php\/wp-json\/wp\/v2\/posts"}],"about":[{"href":"https:\/\/rdnews.al\/index.php\/wp-json\/wp\/v2\/types\/post"}],"author":[{"embeddable":true,"href":"https:\/\/rdnews.al\/index.php\/wp-json\/wp\/v2\/users\/4"}],"replies":[{"embeddable":true,"href":"https:\/\/rdnews.al\/index.php\/wp-json\/wp\/v2\/comments?post=69550"}],"version-history":[{"count":0,"href":"https:\/\/rdnews.al\/index.php\/wp-json\/wp\/v2\/posts\/69550\/revisions"}],"wp:featuredmedia":[{"embeddable":true,"href":"https:\/\/rdnews.al\/index.php\/wp-json\/wp\/v2\/media\/69551"}],"wp:attachment":[{"href":"https:\/\/rdnews.al\/index.php\/wp-json\/wp\/v2\/media?parent=69550"}],"wp:term":[{"taxonomy":"category","embeddable":true,"href":"https:\/\/rdnews.al\/index.php\/wp-json\/wp\/v2\/categories?post=69550"},{"taxonomy":"post_tag","embeddable":true,"href":"https:\/\/rdnews.al\/index.php\/wp-json\/wp\/v2\/tags?post=69550"}],"curies":[{"name":"wp","href":"https:\/\/api.w.org\/{rel}","templated":true}]}}