{"id":69561,"date":"2024-01-24T12:17:46","date_gmt":"2024-01-24T12:17:46","guid":{"rendered":"https:\/\/rdnews.al\/?p=69561"},"modified":"2024-01-24T12:18:33","modified_gmt":"2024-01-24T12:18:33","slug":"arbitri-i-penduar-trondit-italine-ja-si-var-po-manipulon-garen","status":"publish","type":"post","link":"https:\/\/rdnews.al\/index.php\/2024\/01\/24\/arbitri-i-penduar-trondit-italine-ja-si-var-po-manipulon-garen\/","title":{"rendered":"Arbitri i penduar trondit Italin\u00eb: Ja si VAR po manipulon gar\u00ebn"},"content":{"rendered":"<p>Pik\u00ebrisht n\u00eb momentin m\u00eb t\u00eb nxeht\u00eb, kur Italia, por dhe pjesa m\u00eb e madhe e Evrop\u00ebs, \u00ebsht\u00eb mb\u00ebrthyer nga polemikat rreth sistemit VAR, nj\u00eb arbit\u00ebr aktiv n\u00eb Serie A ka vendosur t\u00eb thyej\u00eb heshtjen duke treguar anomalit\u00eb e k\u00ebtij sistemi n\u00eb nj\u00eb intervist\u00eb p\u00ebr emisionin Le Iene.<\/p>\n<p>\u201cJam nj\u00eb arbit\u00ebr aktiv n\u00eb Serie A, kam vendosur t\u00eb flas pasi anomalit\u00eb e k\u00ebtij sistemi jan\u00eb shum\u00eb t\u00eb r\u00ebnda t\u00eb cilat rrezikojn\u00eb edhe besueshm\u00ebrin\u00eb e k\u00ebtij sporti q\u00eb dashuroj.<\/p>\n<p>Pse flas n\u00eb m\u00ebnyr\u00eb anonime? Sepse jam akoma aktiv dhe se do t\u00eb kishte penalitete t\u00eb forta nga shoqata e arbitrave q\u00eb mund t\u00eb denigronin r\u00ebnd\u00eb karrier\u00ebn time. K\u00ebt\u00eb vit ka pasur gabime t\u00eb shumta si n\u00eb fush\u00eb ashtu edhe nga VAR, gabime q\u00eb jan\u00eb t\u00eb pashpjegueshme nga ana jon\u00eb si profesionist.<img loading=\"lazy\" decoding=\"async\" src=\"https:\/\/ads.balkanweb.com\/www\/delivery\/lg.php?bannerid=0&amp;campaignid=0&amp;zoneid=629&amp;loc=https%3A%2F%2Fwww.balkanweb.com%2Farbitri-i-penduar-trondit-italine-ja-se-si-var-po-manipulon-garen-video%2F&amp;referer=https%3A%2F%2Fwww.balkanweb.com%2Fkategoria%2Fsport%2F&amp;cb=98580a0bd0\" alt=\"\" width=\"0\" height=\"0\" \/><\/p>\n<p><iframe loading=\"lazy\" title=\"YouTube video player\" src=\"https:\/\/www.youtube.com\/embed\/aNS9XJ4h5Jk?si=E5qTJwfgSVXsGoJw\" width=\"560\" height=\"315\" frameborder=\"0\" allowfullscreen=\"allowfullscreen\" data-mce-fragment=\"1\"><\/iframe><\/p>\n<p>Me aq shum\u00eb telekamera, me aq pamje t\u00eb qarta si mundet t\u00eb marr\u00ebsh nj\u00eb vendim t\u00eb gabuar, si penalltia q\u00eb iu mohua Bologna-s n\u00eb sfid\u00ebn me Juven, apo faulli me dor\u00eb i Pulisic p\u00ebrpara golit kund\u00ebr Genoas, apo faulli i Bastonit mbi Duda n\u00eb Inter-Verona.<\/p>\n<p><iframe loading=\"lazy\" title=\"YouTube video player\" src=\"https:\/\/www.youtube.com\/embed\/37A-ONyiO-M?si=6t5kTuETPNC9Tt-7\" width=\"560\" height=\"315\" frameborder=\"0\" allowfullscreen=\"allowfullscreen\" data-mce-fragment=\"1\"><\/iframe><\/p>\n<p>N\u00eb t\u00eb gjith\u00eb k\u00ebto raste \u00ebsht\u00eb e pashpjegueshme se si mund t\u00eb gaboj\u00eb nj\u00eb arbit\u00ebr n\u00eb fush\u00eb, por mbi t\u00eb gjitha VAR\u201d, u shpreh arbitri i penduar i cili shtoi se VAR i ka rregullat e qarta kur duhet t\u00eb nd\u00ebrhyje dhe kur jo, por kjo n\u00eb m\u00ebnyr\u00eb t\u00eb pakuptimt\u00eb nuk zbatohet.<\/p>\n","protected":false},"excerpt":{"rendered":"<p>Pik\u00ebrisht n\u00eb momentin m\u00eb t\u00eb nxeht\u00eb, kur Italia, por dhe pjesa m\u00eb e madhe e Evrop\u00ebs, \u00ebsht\u00eb mb\u00ebrthyer nga polemikat rreth sistemit VAR, nj\u00eb arbit\u00ebr aktiv n\u00eb Serie A ka vendosur t\u00eb thyej\u00eb heshtjen duke treguar anomalit\u00eb e k\u00ebtij sistemi n\u00eb nj\u00eb intervist\u00eb p\u00ebr emisionin Le Iene. \u201cJam nj\u00eb arbit\u00ebr aktiv n\u00eb Serie A, kam &hellip;<\/p>\n","protected":false},"author":4,"featured_media":69562,"comment_status":"closed","ping_status":"closed","sticky":false,"template":"","format":"standard","meta":{"footnotes":""},"categories":[39],"tags":[],"class_list":["post-69561","post","type-post","status-publish","format-standard","has-post-thumbnail","","category-sport"],"_links":{"self":[{"href":"https:\/\/rdnews.al\/index.php\/wp-json\/wp\/v2\/posts\/69561","targetHints":{"allow":["GET"]}}],"collection":[{"href":"https:\/\/rdnews.al\/index.php\/wp-json\/wp\/v2\/posts"}],"about":[{"href":"https:\/\/rdnews.al\/index.php\/wp-json\/wp\/v2\/types\/post"}],"author":[{"embeddable":true,"href":"https:\/\/rdnews.al\/index.php\/wp-json\/wp\/v2\/users\/4"}],"replies":[{"embeddable":true,"href":"https:\/\/rdnews.al\/index.php\/wp-json\/wp\/v2\/comments?post=69561"}],"version-history":[{"count":0,"href":"https:\/\/rdnews.al\/index.php\/wp-json\/wp\/v2\/posts\/69561\/revisions"}],"wp:featuredmedia":[{"embeddable":true,"href":"https:\/\/rdnews.al\/index.php\/wp-json\/wp\/v2\/media\/69562"}],"wp:attachment":[{"href":"https:\/\/rdnews.al\/index.php\/wp-json\/wp\/v2\/media?parent=69561"}],"wp:term":[{"taxonomy":"category","embeddable":true,"href":"https:\/\/rdnews.al\/index.php\/wp-json\/wp\/v2\/categories?post=69561"},{"taxonomy":"post_tag","embeddable":true,"href":"https:\/\/rdnews.al\/index.php\/wp-json\/wp\/v2\/tags?post=69561"}],"curies":[{"name":"wp","href":"https:\/\/api.w.org\/{rel}","templated":true}]}}