{"id":69572,"date":"2024-01-24T12:53:45","date_gmt":"2024-01-24T12:53:45","guid":{"rendered":"https:\/\/rdnews.al\/?p=69572"},"modified":"2024-01-24T12:53:45","modified_gmt":"2024-01-24T12:53:45","slug":"sulmi-ndaj-deputetit-vangjel-dule-kaso-pd-thirrje-rames-te-lidhe-zagaret-e-tij-patronazhiste","status":"publish","type":"post","link":"https:\/\/rdnews.al\/index.php\/2024\/01\/24\/sulmi-ndaj-deputetit-vangjel-dule-kaso-pd-thirrje-rames-te-lidhe-zagaret-e-tij-patronazhiste\/","title":{"rendered":"Sulmi ndaj deputetit Vangjel Dule, Kaso: PD thirrje Ram\u00ebs t\u00eb lidh\u00eb zagar\u00ebt e tij patronazhist\u00eb"},"content":{"rendered":"<p>DEKLARAT\u00cb P\u00cbR MEDIA E SEKRETARIT T\u00cb \u00c7\u00cbSHTJEVE LIGJORE N\u00cb PD, IVI KASO<\/p>\n<p>Akti i terrorit simbolik dhe fizik, me q\u00ebllim fyerjen dhe intimidimin e deputetit, Vangjel Dule, \u00ebsht\u00eb nj\u00eb tjet\u00ebr d\u00ebshmi e dor\u00ebs s\u00eb zez\u00eb t\u00eb Edi Ram\u00ebs dhe patronazhist\u00ebve t\u00eb tij, t\u00eb ngritur mbi opozit\u00ebn shqiptare.<\/p>\n<p>T\u00eb q\u00ebllosh me vez\u00eb nj\u00eb deputet, kryetar partie opozitare, q\u00eb po shkon n\u00eb senac\u00ebn e gjyqit t\u00eb nj\u00eb t\u00eb burgosuri politik t\u00eb regjimit, \u00ebsht\u00eb shenja flagrante se qeveria dhe patronazhist\u00ebt nuk p\u00ebrmbahen m\u00eb n\u00eb q\u00ebllimet e tyre.<\/p>\n<p>At\u00eb q\u00eb e b\u00ebnin fshehtas me McGonigalin, p\u00ebr t\u00eb asgj\u00ebsuar opozit\u00ebn, tani guxojn\u00eb ta kryejn\u00eb haptas. Pasi shp\u00ebrfillin Kushtetut\u00ebn dhe nuk i lejojn\u00eb opozit\u00ebs komisonet hetimore parlamentare, pasi heqin emrin e Sali Berish\u00ebs si drejtues i koalicionit, pasi mbajn\u00eb peng simbolet e Partis\u00eb Demokratike me gjykata, tani, po n\u00eb dyer t\u00eb gjykatave t\u00eb tyre, q\u00ebllojn\u00eb nj\u00eb deputet opozitar.<\/p>\n<p>Ata c\u00ebnojn\u00eb k\u00ebshtu, jo vet\u00ebm raportet e pushteteve, rolin e opozit\u00ebs n\u00eb sistem, por edhe balanc\u00ebn etnike t\u00eb ruajtur me fanatiz\u00ebm nga shqiptar\u00ebt nd\u00ebr shekuj.<\/p>\n<p>Vangjel Dule, si p\u00ebrfaq\u00ebsues i opozit\u00ebs dhe i minoritetit grek n\u00eb Shqip\u00ebri, \u00ebsht\u00eb sot viktim\u00eb e dyfisht\u00eb e Ram\u00ebs dhe patronazhist\u00ebve t\u00eb Rilindjes.<\/p>\n<p>Edi Rama q\u00eb ka shkat\u00ebrruar marr\u00ebdh\u00ebniet me nj\u00eb vend mik, si dhe prospektin e antar\u00ebsimit n\u00eb BE, nuk e ka p\u00ebr gj\u00eb t\u00eb urdh\u00ebroj\u00eb q\u00eb p\u00ebrfaq\u00ebsuesi i minoritetit grek q\u00eb ka jetuar n\u00eb Shqip\u00ebri, n\u00eb harmoni p\u00ebr qindra vite, t\u00eb goditet publikisht.<\/p>\n<p>Vangjel Dule nuk \u00ebsht\u00eb minist\u00ebr dhe as deputet i qeveris\u00eb. Ai nuk ka gj\u00eb n\u00eb dor\u00eb n\u00eb kuptimin e pushtetit, p\u00ebrvec mandatit t\u00eb zgjedh\u00ebsve t\u00eb tij dhe p\u00ebrfaq\u00ebsimit t\u00eb tyre n\u00eb Parlament. N\u00eb k\u00ebt\u00eb kuptim goditja e tij \u00ebsht\u00eb manifestim i pushtetit, q\u00eb nuk duron dot m\u00eb as fjal\u00ebn e lir\u00eb n\u00eb media dhe as p\u00ebrfaq\u00ebsimin n\u00eb gjykat\u00eb.<\/p>\n<p>Partia Demokratike i b\u00ebn thirrje Ram\u00ebs t\u00eb lidh\u00eb zagar\u00ebt e patronazhimit q\u00eb i ka v\u00ebn\u00eb n\u00eb rolin e patriotit dhe t\u00eb kthehet n\u00eb krye t\u00eb fiqirit, sepse kryesimin e qeveris\u00eb ia ka dor\u00ebzuar bandave t\u00eb krimit dhe drog\u00ebs.<\/p>\n<p>Ne e sigurojm\u00eb minoritetin grek n\u00eb Shqip\u00ebri, vendin mik Greqin\u00eb, se ky \u00ebsht\u00eb nj\u00eb akt i shk\u00ebputur nga fjalori i urrejtjes s\u00eb Ram\u00ebs dhe nuk mund ta prish\u00eb balanc\u00ebn dhe mir\u00ebkuptimin q\u00eb shqiptar\u00ebt kan\u00eb dhe do t\u00eb ken\u00eb.<\/p>\n<p>Patriot\u00ebve t\u00eb vez\u00ebs, q\u00eb kan\u00eb dal\u00eb nga veza e prishur e Rilindjes, u b\u00ebjm\u00eb thirrje t\u00eb mbajn\u00eb dor\u00ebn, sepse Shqip\u00ebria \u00ebsht\u00eb e projektit europian, jo e betonizimit t\u00eb Himar\u00ebs. Kush b\u00ebhet ushtar i betonizimit t\u00eb bregdetit dhe e shet veten si patriot, \u00ebsht\u00eb dy her\u00eb i mjer\u00eb.<\/p>\n","protected":false},"excerpt":{"rendered":"<p>DEKLARAT\u00cb P\u00cbR MEDIA E SEKRETARIT T\u00cb \u00c7\u00cbSHTJEVE LIGJORE N\u00cb PD, IVI KASO Akti i terrorit simbolik dhe fizik, me q\u00ebllim fyerjen dhe intimidimin e deputetit, Vangjel Dule, \u00ebsht\u00eb nj\u00eb tjet\u00ebr d\u00ebshmi e dor\u00ebs s\u00eb zez\u00eb t\u00eb Edi Ram\u00ebs dhe patronazhist\u00ebve t\u00eb tij, t\u00eb ngritur mbi opozit\u00ebn shqiptare. T\u00eb q\u00ebllosh me vez\u00eb nj\u00eb deputet, kryetar partie &hellip;<\/p>\n","protected":false},"author":4,"featured_media":69573,"comment_status":"closed","ping_status":"closed","sticky":false,"template":"","format":"standard","meta":{"footnotes":""},"categories":[37],"tags":[],"class_list":["post-69572","post","type-post","status-publish","format-standard","has-post-thumbnail","","category-politike"],"_links":{"self":[{"href":"https:\/\/rdnews.al\/index.php\/wp-json\/wp\/v2\/posts\/69572","targetHints":{"allow":["GET"]}}],"collection":[{"href":"https:\/\/rdnews.al\/index.php\/wp-json\/wp\/v2\/posts"}],"about":[{"href":"https:\/\/rdnews.al\/index.php\/wp-json\/wp\/v2\/types\/post"}],"author":[{"embeddable":true,"href":"https:\/\/rdnews.al\/index.php\/wp-json\/wp\/v2\/users\/4"}],"replies":[{"embeddable":true,"href":"https:\/\/rdnews.al\/index.php\/wp-json\/wp\/v2\/comments?post=69572"}],"version-history":[{"count":0,"href":"https:\/\/rdnews.al\/index.php\/wp-json\/wp\/v2\/posts\/69572\/revisions"}],"wp:featuredmedia":[{"embeddable":true,"href":"https:\/\/rdnews.al\/index.php\/wp-json\/wp\/v2\/media\/69573"}],"wp:attachment":[{"href":"https:\/\/rdnews.al\/index.php\/wp-json\/wp\/v2\/media?parent=69572"}],"wp:term":[{"taxonomy":"category","embeddable":true,"href":"https:\/\/rdnews.al\/index.php\/wp-json\/wp\/v2\/categories?post=69572"},{"taxonomy":"post_tag","embeddable":true,"href":"https:\/\/rdnews.al\/index.php\/wp-json\/wp\/v2\/tags?post=69572"}],"curies":[{"name":"wp","href":"https:\/\/api.w.org\/{rel}","templated":true}]}}