{"id":69586,"date":"2024-01-24T13:32:16","date_gmt":"2024-01-24T13:32:16","guid":{"rendered":"https:\/\/rdnews.al\/?p=69586"},"modified":"2024-01-24T13:32:16","modified_gmt":"2024-01-24T13:32:16","slug":"rama-udhetoi-me-carter-nga-shkupi-ne-madrid-paguajne-shqiptaret","status":"publish","type":"post","link":"https:\/\/rdnews.al\/index.php\/2024\/01\/24\/rama-udhetoi-me-carter-nga-shkupi-ne-madrid-paguajne-shqiptaret\/","title":{"rendered":"Rama udh\u00ebtoi me \u00e7arter nga Shkupi n\u00eb Madrid, paguajn\u00eb shqiptar\u00ebt"},"content":{"rendered":"<p>Edi Rama nuk \u00ebsht\u00eb kthyer fare nga Shkupi n\u00eb Tiran\u00eb pas samitit me liderat e Ballkanit Per\u00ebndimor.<\/p>\n<p>Kryeministri do t\u00eb fluturoj\u00eb me charterin e tij direkt e p\u00ebr Madrid, ku n\u00eb dy dit\u00ebt e ardhshme do t\u00eb zhvilloj\u00eb disa takime dhe do t\u00eb marr\u00eb pjes\u00eb n\u00eb nj\u00eb panair p\u00ebr turizmin \u201cFitur\u201d.<\/p>\n<p>Lapsi.al m\u00ebson se bashk\u00eb me Ram\u00ebn jan\u00eb edhe ministrat Mirela Kumbaro e Ogerta Manastirliu, si dhe kryetar\u00ebt e bashkive Gjirokast\u00ebr, Durr\u00ebs, Lezh\u00eb e Shkod\u00ebr.<\/p>\n<p>P\u00ebr udh\u00ebtimet me charter kryeministri nuk ka b\u00ebr\u00eb asnj\u00ebher\u00eb transparenc\u00eb.<\/p>\n<p>Opozita ka k\u00ebrkuar edhe ngritjen e nj\u00eb komisioni hetimor p\u00ebr k\u00ebt\u00eb \u00e7\u00ebshtje, por q\u00eb \u00ebsht\u00eb refuzuar nga mazhoranca vazhdimisht.<\/p>\n","protected":false},"excerpt":{"rendered":"<p>Edi Rama nuk \u00ebsht\u00eb kthyer fare nga Shkupi n\u00eb Tiran\u00eb pas samitit me liderat e Ballkanit Per\u00ebndimor. Kryeministri do t\u00eb fluturoj\u00eb me charterin e tij direkt e p\u00ebr Madrid, ku n\u00eb dy dit\u00ebt e ardhshme do t\u00eb zhvilloj\u00eb disa takime dhe do t\u00eb marr\u00eb pjes\u00eb n\u00eb nj\u00eb panair p\u00ebr turizmin \u201cFitur\u201d. Lapsi.al m\u00ebson se bashk\u00eb &hellip;<\/p>\n","protected":false},"author":3,"featured_media":23591,"comment_status":"closed","ping_status":"closed","sticky":false,"template":"","format":"standard","meta":{"footnotes":""},"categories":[37],"tags":[],"class_list":["post-69586","post","type-post","status-publish","format-standard","has-post-thumbnail","","category-politike"],"_links":{"self":[{"href":"https:\/\/rdnews.al\/index.php\/wp-json\/wp\/v2\/posts\/69586","targetHints":{"allow":["GET"]}}],"collection":[{"href":"https:\/\/rdnews.al\/index.php\/wp-json\/wp\/v2\/posts"}],"about":[{"href":"https:\/\/rdnews.al\/index.php\/wp-json\/wp\/v2\/types\/post"}],"author":[{"embeddable":true,"href":"https:\/\/rdnews.al\/index.php\/wp-json\/wp\/v2\/users\/3"}],"replies":[{"embeddable":true,"href":"https:\/\/rdnews.al\/index.php\/wp-json\/wp\/v2\/comments?post=69586"}],"version-history":[{"count":0,"href":"https:\/\/rdnews.al\/index.php\/wp-json\/wp\/v2\/posts\/69586\/revisions"}],"wp:featuredmedia":[{"embeddable":true,"href":"https:\/\/rdnews.al\/index.php\/wp-json\/wp\/v2\/media\/23591"}],"wp:attachment":[{"href":"https:\/\/rdnews.al\/index.php\/wp-json\/wp\/v2\/media?parent=69586"}],"wp:term":[{"taxonomy":"category","embeddable":true,"href":"https:\/\/rdnews.al\/index.php\/wp-json\/wp\/v2\/categories?post=69586"},{"taxonomy":"post_tag","embeddable":true,"href":"https:\/\/rdnews.al\/index.php\/wp-json\/wp\/v2\/tags?post=69586"}],"curies":[{"name":"wp","href":"https:\/\/api.w.org\/{rel}","templated":true}]}}