{"id":69589,"date":"2024-01-24T13:49:58","date_gmt":"2024-01-24T13:49:58","guid":{"rendered":"https:\/\/rdnews.al\/?p=69589"},"modified":"2024-01-24T13:49:58","modified_gmt":"2024-01-24T13:49:58","slug":"noka-parlamenti-tek-rruga-e-shpreses-drejtesia-e-re-ne-duart-e-pionereve-te-enverit","status":"publish","type":"post","link":"https:\/\/rdnews.al\/index.php\/2024\/01\/24\/noka-parlamenti-tek-rruga-e-shpreses-drejtesia-e-re-ne-duart-e-pionereve-te-enverit\/","title":{"rendered":"Noka: Parlamenti tek Rruga e Shpres\u00ebs, drejt\u00ebsia e re n\u00eb duart e pioner\u00ebve t\u00eb Enverit"},"content":{"rendered":"<p>Deputeti i Partis\u00eb Demokratike, Flamur Noka \u00ebsht\u00eb ndalur t\u00eb flas\u00eb p\u00ebr mediat pas p\u00ebrfundimit t\u00eb mbledhjes s\u00eb grupit parlamentar.<\/p>\n<p>Noka u shpreh se kryefjala e diskutimit sot ishte intensifikimi i aksionit opozitar parlamentar, nd\u00ebrsa theksoi po ashtu se shqiptar\u00ebt sot kan\u00eb nj\u00eb parlament t\u00eb v\u00ebrtet\u00eb dhe ai \u00ebsht\u00eb tek Rruga e \u2018Shpres\u00ebs\u2019.<\/p>\n<p>N\u00eb p\u00ebrfundim t\u00eb mbledhjes s\u00eb Grupit Parlamentar t\u00eb PD, Noka u shpreh se:<\/p>\n<p>\u201cShikoni ku ka shkuar shteti. Drejt\u00ebsia e re politike drejtohet nga pionier\u00ebt e Enverit, ja shikoni edhe k\u00ebt\u00eb tjet\u00ebr n\u00eb fest\u00ebn e PS-s\u00eb. Me shallin e pionierit t\u00eb Enverit. K\u00ebta s\u2019kan\u00eb turp e frik\u00eb t\u00eb maskohen, por dalin ashiqare se jan\u00eb vegla t\u00eb partis\u00eb dhe regjimit. Si\u00e7 e dini ka nj\u00eb vendim t\u00eb KLGJ-s\u00eb q\u00eb miraton kodin e Etik\u00ebs. Po e reklamojn\u00eb si vler\u00eb t\u00eb shtuar t\u00eb tyre angazhimin politik . Ky \u00ebsht\u00eb pushteti, regjimi dhe drejt\u00ebsia e re \u00ebsht\u00eb veg\u00ebl. N\u00eb baz\u00eb t\u00eb Kodit t\u00eb Etik\u00ebs, kush e ka firmosur k\u00ebt\u00eb duhet t\u00eb hetojn\u00eb dhe marrin masa. T\u00eb t\u00ebr\u00eb jan\u00eb trup politike.<\/p>\n<p>N\u00eb \u00e7do mbledhje ne diskutojm\u00eb aksionin ton\u00eb, \u00e7\u00ebshtja e bashkimit \u00ebsht\u00eb e mbyllur, nuk diskutohet m\u00eb si \u00e7\u00ebshtje. Ne vijojm\u00eb faz\u00ebn e fundit q\u00eb do jet\u00eb fuzioni i plot\u00eb i partis\u00eb. Aksioni ka nisur ashtu si\u00e7 e kemi th\u00ebn\u00eb. Shqiptar\u00ebt e kan\u00eb nj\u00eb Parlament real dhe ai \u00ebsht\u00eb te Rruga e \u2018Shpres\u00ebs\u2019.<\/p>\n<p>U trajtuan format se si mosbindja civile duhet t\u00eb p\u00ebrkthehet n\u00eb m\u00ebnyr\u00eb m\u00eb t\u00eb gjer\u00eb.\u201d, u shpreh Noka.<\/p>\n","protected":false},"excerpt":{"rendered":"<p>Deputeti i Partis\u00eb Demokratike, Flamur Noka \u00ebsht\u00eb ndalur t\u00eb flas\u00eb p\u00ebr mediat pas p\u00ebrfundimit t\u00eb mbledhjes s\u00eb grupit parlamentar. Noka u shpreh se kryefjala e diskutimit sot ishte intensifikimi i aksionit opozitar parlamentar, nd\u00ebrsa theksoi po ashtu se shqiptar\u00ebt sot kan\u00eb nj\u00eb parlament t\u00eb v\u00ebrtet\u00eb dhe ai \u00ebsht\u00eb tek Rruga e \u2018Shpres\u00ebs\u2019. N\u00eb p\u00ebrfundim t\u00eb &hellip;<\/p>\n","protected":false},"author":3,"featured_media":0,"comment_status":"closed","ping_status":"closed","sticky":false,"template":"","format":"standard","meta":{"footnotes":""},"categories":[37],"tags":[],"class_list":["post-69589","post","type-post","status-publish","format-standard","","category-politike"],"_links":{"self":[{"href":"https:\/\/rdnews.al\/index.php\/wp-json\/wp\/v2\/posts\/69589","targetHints":{"allow":["GET"]}}],"collection":[{"href":"https:\/\/rdnews.al\/index.php\/wp-json\/wp\/v2\/posts"}],"about":[{"href":"https:\/\/rdnews.al\/index.php\/wp-json\/wp\/v2\/types\/post"}],"author":[{"embeddable":true,"href":"https:\/\/rdnews.al\/index.php\/wp-json\/wp\/v2\/users\/3"}],"replies":[{"embeddable":true,"href":"https:\/\/rdnews.al\/index.php\/wp-json\/wp\/v2\/comments?post=69589"}],"version-history":[{"count":0,"href":"https:\/\/rdnews.al\/index.php\/wp-json\/wp\/v2\/posts\/69589\/revisions"}],"wp:attachment":[{"href":"https:\/\/rdnews.al\/index.php\/wp-json\/wp\/v2\/media?parent=69589"}],"wp:term":[{"taxonomy":"category","embeddable":true,"href":"https:\/\/rdnews.al\/index.php\/wp-json\/wp\/v2\/categories?post=69589"},{"taxonomy":"post_tag","embeddable":true,"href":"https:\/\/rdnews.al\/index.php\/wp-json\/wp\/v2\/tags?post=69589"}],"curies":[{"name":"wp","href":"https:\/\/api.w.org\/{rel}","templated":true}]}}