{"id":69592,"date":"2024-01-24T13:54:44","date_gmt":"2024-01-24T13:54:44","guid":{"rendered":"https:\/\/rdnews.al\/?p=69592"},"modified":"2024-01-24T13:54:44","modified_gmt":"2024-01-24T13:54:44","slug":"bardhi-sdo-lejojme-reforme-elektorale-te-njeanshme-per-ti-dhuruar-rames-mandatin-e-katert","status":"publish","type":"post","link":"https:\/\/rdnews.al\/index.php\/2024\/01\/24\/bardhi-sdo-lejojme-reforme-elektorale-te-njeanshme-per-ti-dhuruar-rames-mandatin-e-katert\/","title":{"rendered":"Bardhi: S&#8217;do lejojm\u00eb reform\u00eb elektorale t\u00eb nj\u00ebanshme p\u00ebr ti dhuruar Ram\u00ebs mandatin e kat\u00ebrt"},"content":{"rendered":"<p>Kryetari i Grupit Parlamnetar t\u00eb PD, Gaz Bardhi \u00ebsht\u00eb shprehur se reforma zgjedhore duhet t\u00eb adresoj\u00eb t\u00eb gjitha problematikat q\u00eb jan\u00eb hasur prej koh\u00ebs n\u00eb zgjedhje bazuar n\u00eb rekomandimet e forta t\u00eb OSBE-ODIHR.<\/p>\n<p>Bardhi ka theksuar se nj\u00eb reform\u00eb e nj\u00ebanshme mes Ram\u00ebs dhe grupit t\u00eb Bash\u00ebs cenon rend\u00eb besueshm\u00ebrin\u00eb dhe v\u00ebrtet\u00ebsin\u00eb e Reform\u00ebs Zgjedhore, por \u00ebsht\u00eb nj\u00eb marrje peng e saj.<\/p>\n<p>&#8220;Reforma zgjedhore duhet t\u00eb p\u00ebrfshir\u00eb shit-blerjen e vot\u00ebs, keqp\u00ebrdorimin e administrat\u00ebs shtet\u00ebrore, intimidimin e votuesve dhe administrim korrekt t\u00eb zgjedhjeve dhe duke mbajtur n\u00eb konsiderat\u00eb rezolut\u00ebn e miratuar nga Komiteti i Stabilizim Asociimit mes BE dhe Shqip\u00ebris\u00eb ku p\u00ebr her\u00eb t\u00eb par\u00eb theksohet nevoja jo thjesht p\u00ebr gjith\u00ebp\u00ebrfshirje por p\u00ebr nj\u00eb p\u00ebrfaq\u00ebsim t\u00eb v\u00ebrtet\u00eb t\u00eb opozit\u00ebs n\u00eb komisionin e reform\u00ebs zgjedhore ka vendosur t\u00eb rid\u00ebrgoj\u00eb edhe nj\u00ebher\u00eb duke shpjeguar bazueshm\u00ebrin\u00eb kushtetuese dhe rregulloren e kuvendit t\u00eb vullnetit t\u00eb shumic\u00ebs s\u00eb opozit\u00ebs t\u00eb p\u00ebrfaq\u00ebsuesve t\u00eb tyre ne komisionin bipartizan t\u00eb reform\u00ebs zgjedhore.<\/p>\n<p>kuvendi ka nj\u00eb tradit\u00eb t\u00eb t\u00eb funksionit t\u00eb k\u00ebtij komisioni  dhe tradita \u00ebsht\u00eb q\u00eb opozita dhe mazhoranca duhet t\u00eb ken\u00eb numra t\u00eb nj\u00ebjt\u00eb n\u00eb komision por vullneti i nj\u00ebr\u00ebs pal\u00eb nuk mund ti mbivendoset pal\u00ebs tjet\u00ebr n\u00eb k\u00ebt\u00eb komision.<\/p>\n<p>ky \u00ebsht\u00eb koncepti se si funksionon komisioni i  reform\u00ebs zgjedhore dhe kjo \u00ebsht\u00eb dhe k\u00ebrkesa e deputet\u00ebve t\u00eb opozit\u00ebs dhe grupit parlamentar t\u00eb PD.<\/p>\n<p>Vijimi i fars\u00ebs nga korporata e viti 2020 n\u00eb nj\u00eb reform\u00eb t\u00eb nj\u00ebansh\u00ebm zgjedhore q\u00eb \u00ebsht\u00eb paralajm\u00ebruar t\u00eb premten \u00ebsht\u00eb nj\u00eb fasad\u00eb e atyre q\u00eb bllokun reform\u00ebn zgjedhore p\u00ebr 22 muaj dhe q\u00eb i siguruan Ram\u00ebs mandatin e tij t\u00eb tret\u00eb.<\/p>\n<p>OSBE-ODIHR kishte si thelb n\u00eb deklarat\u00eb q\u00eb t\u00eb mos b\u00ebjn\u00eb shaka me reform\u00ebn zgjedhore por t\u00eb adresojn\u00eb problematikat kryesore t\u00eb zgjedhjeve n\u00eb Shqip\u00ebri, deformimi i vullnetit t\u00eb qytetar\u00ebve t\u00eb Shqip\u00ebris\u00eb nga mazhoranca.&#8221;<\/p>\n","protected":false},"excerpt":{"rendered":"<p>Kryetari i Grupit Parlamnetar t\u00eb PD, Gaz Bardhi \u00ebsht\u00eb shprehur se reforma zgjedhore duhet t\u00eb adresoj\u00eb t\u00eb gjitha problematikat q\u00eb jan\u00eb hasur prej koh\u00ebs n\u00eb zgjedhje bazuar n\u00eb rekomandimet e forta t\u00eb OSBE-ODIHR. Bardhi ka theksuar se nj\u00eb reform\u00eb e nj\u00ebanshme mes Ram\u00ebs dhe grupit t\u00eb Bash\u00ebs cenon rend\u00eb besueshm\u00ebrin\u00eb dhe v\u00ebrtet\u00ebsin\u00eb e Reform\u00ebs Zgjedhore, &hellip;<\/p>\n","protected":false},"author":3,"featured_media":69593,"comment_status":"closed","ping_status":"closed","sticky":false,"template":"","format":"standard","meta":{"footnotes":""},"categories":[37],"tags":[],"class_list":["post-69592","post","type-post","status-publish","format-standard","has-post-thumbnail","","category-politike"],"_links":{"self":[{"href":"https:\/\/rdnews.al\/index.php\/wp-json\/wp\/v2\/posts\/69592","targetHints":{"allow":["GET"]}}],"collection":[{"href":"https:\/\/rdnews.al\/index.php\/wp-json\/wp\/v2\/posts"}],"about":[{"href":"https:\/\/rdnews.al\/index.php\/wp-json\/wp\/v2\/types\/post"}],"author":[{"embeddable":true,"href":"https:\/\/rdnews.al\/index.php\/wp-json\/wp\/v2\/users\/3"}],"replies":[{"embeddable":true,"href":"https:\/\/rdnews.al\/index.php\/wp-json\/wp\/v2\/comments?post=69592"}],"version-history":[{"count":0,"href":"https:\/\/rdnews.al\/index.php\/wp-json\/wp\/v2\/posts\/69592\/revisions"}],"wp:featuredmedia":[{"embeddable":true,"href":"https:\/\/rdnews.al\/index.php\/wp-json\/wp\/v2\/media\/69593"}],"wp:attachment":[{"href":"https:\/\/rdnews.al\/index.php\/wp-json\/wp\/v2\/media?parent=69592"}],"wp:term":[{"taxonomy":"category","embeddable":true,"href":"https:\/\/rdnews.al\/index.php\/wp-json\/wp\/v2\/categories?post=69592"},{"taxonomy":"post_tag","embeddable":true,"href":"https:\/\/rdnews.al\/index.php\/wp-json\/wp\/v2\/tags?post=69592"}],"curies":[{"name":"wp","href":"https:\/\/api.w.org\/{rel}","templated":true}]}}