{"id":69598,"date":"2024-01-24T18:02:59","date_gmt":"2024-01-24T18:02:59","guid":{"rendered":"https:\/\/rdnews.al\/?p=69598"},"modified":"2024-01-24T18:02:59","modified_gmt":"2024-01-24T18:02:59","slug":"berisha-per-voten-do-ti-marrim-koken-cdo-armiku-te-votes-sone-kjo-eshte-nje-beteje-e-te-gjitha-betejave","status":"publish","type":"post","link":"https:\/\/rdnews.al\/index.php\/2024\/01\/24\/berisha-per-voten-do-ti-marrim-koken-cdo-armiku-te-votes-sone-kjo-eshte-nje-beteje-e-te-gjitha-betejave\/","title":{"rendered":"Berisha: P\u00ebr vot\u00ebn do t\u2019i marrim kok\u00ebn \u00e7do armiku t\u00eb vot\u00ebs son\u00eb! Kjo \u00ebsht\u00eb nj\u00eb betej\u00eb e t\u00eb gjitha betejave"},"content":{"rendered":"<p>Kryetari i PD, Sali Berisha tha gjat\u00eb fjal\u00ebs s\u00eb tij nga dritarja e sht\u00ebpis\u00eb se, ne p\u00ebr vot\u00ebn do t\u2019i marrim kok\u00ebn \u00e7do armiku t\u00eb vot\u00ebs son\u00eb! Berisha tha se, kjo \u00ebsht\u00eb nj\u00eb betej\u00eb e t\u00eb gjitha betejave.<br \/>\n\u201cMir\u00ebmbr\u00ebma dhe p\u00ebrsh\u00ebndetjet m\u00eb t\u00eb p\u00ebrzem\u00ebrta.<br \/>\nNderimin m\u00eb t\u00eb madh, mir\u00ebnjohjen m\u00eb t\u00eb pakufishme.<br \/>\nPrania juaj sonte, fjalimet e bukura, gjith\u00e7ka jan\u00eb nj\u00eb frym\u00ebzim i madh p\u00ebr Sali Berish\u00ebn dhe \u00e7do shqiptar q\u00eb ndjek k\u00ebt\u00eb protest\u00eb n\u00eb Rrug\u00ebn e Shpres\u00ebs, n\u00eb rrug\u00ebn e fitores.<br \/>\nPo b\u00ebhen mbi tre jav\u00eb q\u00eb ju \u00e7do nat\u00eb lini \u00e7do gj\u00eb dhe mblidheni k\u00ebtu p\u00ebr t\u00eb dh\u00ebn\u00eb mesazhin e luft\u00ebtarit t\u00eb pamposhtur, e qytetarit dinjitoz, e misionarit t\u00eb v\u00ebrtet\u00eb se do t\u00eb shp\u00ebtojm\u00eb Shqip\u00ebrin\u00eb, se diktatura e krimit, drog\u00ebs dhe vjedhjes nuk do t\u00eb mund t\u00eb sundoj\u00eb m\u00eb gjat\u00eb n\u00eb Shqip\u00ebri.<br \/>\nT\u00eb dashur miq!<br \/>\nT\u00eb gjitha zhvillimet e shpejta kan\u00eb pasur dhe kan\u00eb nj\u00eb shkak themelor: Edi Rama, i cili q\u00ebndron n\u00eb pushtet mbi vot\u00ebn e vjedhur, mbi vullnetin e shtypur, mbi vullnetin e kontrolluar t\u00eb qytetar\u00ebve shqiptar\u00eb, e kuptoi, e realizoi se me Sali Berish\u00ebn, me PD-n\u00eb, zgjedhje t\u00eb tjera nuk do t\u00eb mund t\u00eb b\u00ebnte kurr\u00eb n\u00eb jet\u00ebn e tij.<br \/>\nKa pasur koh\u00eb q\u00eb kjo parti \u00ebsht\u00eb p\u00ebrballur me dhunues zgjedhjesh, \u00ebsht\u00eb p\u00ebrballur me banda, por ajo koh\u00eb, n\u00eb at\u00eb koh\u00eb kjo parti doli me nj\u00eb moto: kush prek vot\u00ebn, prek kok\u00ebn!<br \/>\nEdi Rama e mbante mend at\u00eb koh\u00eb, Edi Rama e kuptoi se ne p\u00ebr vot\u00ebn ishim dhe mbetemi t\u00eb gatsh\u00ebm p\u00ebr \u00e7do sakrific\u00eb.<br \/>\nSe ne p\u00ebr vot\u00ebn, kemi vet\u00ebm himnet e liris\u00eb.<br \/>\nSe ne p\u00ebr vot\u00ebn, do t\u2019i marrim kok\u00ebn \u00e7do armiku t\u00eb vot\u00ebs son\u00eb.<br \/>\nEdi Rama, Rruga e Shpres\u00ebs, banor\u00ebt e saj, demokrat\u00ebt dhe populli opozitar, t\u00eb kan\u00eb d\u00ebnuar ty p\u00ebr kufom\u00eb politike.<br \/>\nMos mendo m\u00eb kurr\u00eb se do mund t\u00eb vazhdosh pushtetin t\u00ebnd t\u00eb krimit.<br \/>\nKe zgjedhur rrug\u00ebn e burracakut, e hajdutit, e frikacakut.<br \/>\nKe p\u00ebrdorur mercenar\u00eb, ke p\u00ebrdorur grupe t\u00eb organizuara kriminale n\u00eb institucionet tua.<br \/>\nI ke nd\u00ebrsyer ata si cackej kund\u00ebr opozit\u00ebs. Por opozita nuk mund t\u00eb mposhtet, aq sa mund t\u00eb mposhtet e drejta e nj\u00eb kombi p\u00ebr t\u00eb votuar i lir\u00eb.<br \/>\nAq sa mund t\u00eb mposhtet e drejta e nj\u00eb qytetari p\u00ebr t\u00eb jetuar me dinjitet dhe n\u00eb liri.<br \/>\nAq sa mund t\u00eb mposhtet e drejta e nj\u00eb qytetari p\u00ebr t\u00eb pasur n\u00eb dor\u00eb fatin e tij dhe t\u00eb vendit t\u00eb tij.<br \/>\nKjo \u00ebsht\u00eb nj\u00eb betej\u00eb e t\u00eb gjitha betejave!\u201d, tha Berisha.<\/p>\n","protected":false},"excerpt":{"rendered":"<p>Kryetari i PD, Sali Berisha tha gjat\u00eb fjal\u00ebs s\u00eb tij nga dritarja e sht\u00ebpis\u00eb se, ne p\u00ebr vot\u00ebn do t\u2019i marrim kok\u00ebn \u00e7do armiku t\u00eb vot\u00ebs son\u00eb! Berisha tha se, kjo \u00ebsht\u00eb nj\u00eb betej\u00eb e t\u00eb gjitha betejave. \u201cMir\u00ebmbr\u00ebma dhe p\u00ebrsh\u00ebndetjet m\u00eb t\u00eb p\u00ebrzem\u00ebrta. Nderimin m\u00eb t\u00eb madh, mir\u00ebnjohjen m\u00eb t\u00eb pakufishme. Prania juaj sonte, &hellip;<\/p>\n","protected":false},"author":4,"featured_media":69599,"comment_status":"closed","ping_status":"closed","sticky":false,"template":"","format":"standard","meta":{"footnotes":""},"categories":[37],"tags":[],"class_list":["post-69598","post","type-post","status-publish","format-standard","has-post-thumbnail","","category-politike"],"_links":{"self":[{"href":"https:\/\/rdnews.al\/index.php\/wp-json\/wp\/v2\/posts\/69598","targetHints":{"allow":["GET"]}}],"collection":[{"href":"https:\/\/rdnews.al\/index.php\/wp-json\/wp\/v2\/posts"}],"about":[{"href":"https:\/\/rdnews.al\/index.php\/wp-json\/wp\/v2\/types\/post"}],"author":[{"embeddable":true,"href":"https:\/\/rdnews.al\/index.php\/wp-json\/wp\/v2\/users\/4"}],"replies":[{"embeddable":true,"href":"https:\/\/rdnews.al\/index.php\/wp-json\/wp\/v2\/comments?post=69598"}],"version-history":[{"count":0,"href":"https:\/\/rdnews.al\/index.php\/wp-json\/wp\/v2\/posts\/69598\/revisions"}],"wp:featuredmedia":[{"embeddable":true,"href":"https:\/\/rdnews.al\/index.php\/wp-json\/wp\/v2\/media\/69599"}],"wp:attachment":[{"href":"https:\/\/rdnews.al\/index.php\/wp-json\/wp\/v2\/media?parent=69598"}],"wp:term":[{"taxonomy":"category","embeddable":true,"href":"https:\/\/rdnews.al\/index.php\/wp-json\/wp\/v2\/categories?post=69598"},{"taxonomy":"post_tag","embeddable":true,"href":"https:\/\/rdnews.al\/index.php\/wp-json\/wp\/v2\/tags?post=69598"}],"curies":[{"name":"wp","href":"https:\/\/api.w.org\/{rel}","templated":true}]}}