{"id":69603,"date":"2024-01-24T18:12:32","date_gmt":"2024-01-24T18:12:32","guid":{"rendered":"https:\/\/rdnews.al\/?p=69603"},"modified":"2024-01-24T18:12:32","modified_gmt":"2024-01-24T18:12:32","slug":"berisha-skap-i-i-partise-ka-celur-hetime-per-belind-kellicin-vetem-pse-ka-denoncuar-vjedhjen-e-shekullit-nga-rama-dhe-veliaj","status":"publish","type":"post","link":"https:\/\/rdnews.al\/index.php\/2024\/01\/24\/berisha-skap-i-i-partise-ka-celur-hetime-per-belind-kellicin-vetem-pse-ka-denoncuar-vjedhjen-e-shekullit-nga-rama-dhe-veliaj\/","title":{"rendered":"Berisha: SKAP-i i partis\u00eb ka \u00e7elur hetime p\u00ebr Belind K\u00eblli\u00e7in vet\u00ebm pse ka denoncuar vjedhjen e shekullit nga Rama dhe Veliaj"},"content":{"rendered":"<p>Kryetari i PD, Sali Berisha tha se, SKAP-i i partis\u00eb ka \u00e7elur hetime p\u00ebr Belind K\u00eblli\u00e7in vet\u00ebm pse ka denoncuar vjedhjen e shekullit nga Rama dhe Veliaj.<br \/>\n\u201cT\u00eb dashur miq!<br \/>\nK\u00ebto koh\u00eb, i tmerruar nga ju, i tmerruar nga misionar\u00ebt e Rrug\u00ebs s\u00eb Shpres\u00ebs, ai ka v\u00ebrsulur institucionet n\u00eb m\u00ebnyr\u00eb t\u00eb t\u00ebrbuar kund\u00ebr opozitar\u00ebve.<br \/>\nDeputet\u00ebt e opozit\u00ebs, eksponent\u00eb kryesor\u00eb t\u00eb saj, vihen n\u00eb p\u00ebrgjime, vihen n\u00eb hetime vet\u00ebm e vet\u00ebm p\u00ebr deklaratat q\u00eb b\u00ebjn\u00eb, p\u00ebr t\u00eb v\u00ebrtetat q\u00eb i p\u00ebrplasin n\u00eb fytyr\u00eb, kreut t\u00eb organizat\u00ebs kriminale t\u00eb qeveris\u00eb shqiptare.<br \/>\nSot mediat njoftojn\u00eb se grupi i strukturuar kriminal me n\u00eb krye Dumanin e partis\u00eb n\u00eb SKAP, kan\u00eb \u00e7elur hetime p\u00ebr Belind K\u00eblli\u00e7in, vet\u00ebm e vet\u00ebm pse ai d\u00ebnon \u00e7do dit\u00eb firmat n\u00eb vjedhjen e shekullit t\u00eb Edi Ram\u00ebs dhe Erion Veliajt dhe amnistin\u00eb kriminale t\u00eb Damanit dhe Kraj\u00ebs ndaj tyre.<br \/>\nEdi Rama, nj\u00eb proces t\u00eb hapur ke n\u00eb Uashington.<br \/>\nSi\u00e7 njoftoi radio publike e SHBA, akuza \u00ebsht\u00eb tmerr\u00ebsisht e r\u00ebnd\u00eb.<br \/>\nKe korruptuar njeriun q\u00eb me ligjin amerikan, me misionin e tij, kishte p\u00ebr detyr\u00eb t\u00eb mbronte SHBA nga korrupsioni.<br \/>\nNj\u00eb akt t\u00eb till\u00eb ndaj nj\u00eb vendi mik nuk e nd\u00ebrmarrin kurr\u00eb partner\u00ebt, e nd\u00ebrmarrin vet\u00ebm armiqt\u00eb e saj\u201d, tha Berisha.<\/p>\n","protected":false},"excerpt":{"rendered":"<p>Kryetari i PD, Sali Berisha tha se, SKAP-i i partis\u00eb ka \u00e7elur hetime p\u00ebr Belind K\u00eblli\u00e7in vet\u00ebm pse ka denoncuar vjedhjen e shekullit nga Rama dhe Veliaj. \u201cT\u00eb dashur miq! K\u00ebto koh\u00eb, i tmerruar nga ju, i tmerruar nga misionar\u00ebt e Rrug\u00ebs s\u00eb Shpres\u00ebs, ai ka v\u00ebrsulur institucionet n\u00eb m\u00ebnyr\u00eb t\u00eb t\u00ebrbuar kund\u00ebr opozitar\u00ebve. Deputet\u00ebt &hellip;<\/p>\n","protected":false},"author":4,"featured_media":0,"comment_status":"closed","ping_status":"closed","sticky":false,"template":"","format":"standard","meta":{"footnotes":""},"categories":[37],"tags":[],"class_list":["post-69603","post","type-post","status-publish","format-standard","","category-politike"],"_links":{"self":[{"href":"https:\/\/rdnews.al\/index.php\/wp-json\/wp\/v2\/posts\/69603","targetHints":{"allow":["GET"]}}],"collection":[{"href":"https:\/\/rdnews.al\/index.php\/wp-json\/wp\/v2\/posts"}],"about":[{"href":"https:\/\/rdnews.al\/index.php\/wp-json\/wp\/v2\/types\/post"}],"author":[{"embeddable":true,"href":"https:\/\/rdnews.al\/index.php\/wp-json\/wp\/v2\/users\/4"}],"replies":[{"embeddable":true,"href":"https:\/\/rdnews.al\/index.php\/wp-json\/wp\/v2\/comments?post=69603"}],"version-history":[{"count":0,"href":"https:\/\/rdnews.al\/index.php\/wp-json\/wp\/v2\/posts\/69603\/revisions"}],"wp:attachment":[{"href":"https:\/\/rdnews.al\/index.php\/wp-json\/wp\/v2\/media?parent=69603"}],"wp:term":[{"taxonomy":"category","embeddable":true,"href":"https:\/\/rdnews.al\/index.php\/wp-json\/wp\/v2\/categories?post=69603"},{"taxonomy":"post_tag","embeddable":true,"href":"https:\/\/rdnews.al\/index.php\/wp-json\/wp\/v2\/tags?post=69603"}],"curies":[{"name":"wp","href":"https:\/\/api.w.org\/{rel}","templated":true}]}}