{"id":69605,"date":"2024-01-24T18:17:45","date_gmt":"2024-01-24T18:17:45","guid":{"rendered":"https:\/\/rdnews.al\/?p=69605"},"modified":"2024-01-24T19:18:17","modified_gmt":"2024-01-24T19:18:17","slug":"berisha-edi-rama-nuk-shpeton-nga-ndeshkimi-i-drejtesise-amerikane-nuk-jane-dumane-dhe-kraja-ata","status":"publish","type":"post","link":"https:\/\/rdnews.al\/index.php\/2024\/01\/24\/berisha-edi-rama-nuk-shpeton-nga-ndeshkimi-i-drejtesise-amerikane-nuk-jane-dumane-dhe-kraja-ata\/","title":{"rendered":"Berisha: Edi Rama, nuk shp\u00ebton nga nd\u00ebshkimi i drejt\u00ebsis\u00eb amerikane!"},"content":{"rendered":"<p>Kryetari i PD, Sali Berisha foli s\u00ebrih sot p\u00ebr afer\u00ebn \u201cMcGonigal\u201d ku \u00ebsht\u00eb i p\u00ebrfshir\u00eb edhe Rama. Berisha iu drejtua Ram\u00ebs se, nuk shp\u00ebton nga nd\u00ebshkimi i drejt\u00ebsis\u00eb amerikane, nuk jan\u00eb Daman\u00eb dhe Kraja ata.<br \/>\n\u201cEdi Rama, ti n\u00eb krye t\u00eb grupit t\u00eb strukturuar kriminal McGonigal-Dorian Du\u00e7ka-Neza-Gjiknuri, etj, je b\u00ebr\u00eb personi m\u00eb i damkosur sot n\u00eb Europ\u00eb p\u00ebr korrupsion.<br \/>\nDuhet t\u2019u thuash shqiptar\u00ebve sa para more me licenc\u00ebn q\u00eb dhe p\u00ebr Damianin dhe Nez\u00ebn.<br \/>\nDuhet t\u2019u thuash shqiptar\u00ebve sa para po paguan tani p\u00ebr t\u2019i shp\u00ebtuar nd\u00ebshkimit dhe drejt\u00ebsis\u00eb amerikane.<br \/>\nPor nuk shp\u00ebton se nuk jan\u00eb Daman\u00eb ata, nuk jan\u00eb Kraja ata.<br \/>\nJo, jo, je i pashpres\u00eb, por n\u00eb radh\u00eb t\u00eb par\u00eb je i pashpres\u00eb, je i humbur sepse luft\u00ebtar\u00ebt e Rrug\u00ebs s\u00eb Shpres\u00ebs \u00e7do dit\u00eb ecin t\u00eb sigurt drejt fitores.<br \/>\nRrug\u00ebt, sheshet e Tiran\u00ebs do shnd\u00ebrrohen n\u00eb rrug\u00ebt dhe sheshet e fitores.<br \/>\nAsgj\u00eb nuk mund t\u00eb mposht\u00eb opozit\u00ebn pa realizuar q\u00ebllimet e saj.<br \/>\nDuke p\u00ebrfunduar, edhe nj\u00ebher\u00eb shpreh besimin tim se luft\u00ebtar\u00ebt e t\u00eb v\u00ebrtet\u00ebs, se ju, njer\u00ebzit e kauz\u00ebs s\u00eb drejt\u00eb, njer\u00ebzit e betej\u00ebs pa kthim p\u00ebr interesin e \u00e7do shqiptari, do t\u00eb \u00e7oni Shqip\u00ebrin\u00eb drejt fitores.<br \/>\nNe do fitojm\u00eb!<br \/>\nRroft\u00eb fitorja, rroft\u00eb Shqip\u00ebria, rrofshi ju!<br \/>\nFitore, fitore, fitore!\u201d, p\u00ebrfundoi Berisha.<\/p>\n","protected":false},"excerpt":{"rendered":"<p>Kryetari i PD, Sali Berisha foli s\u00ebrih sot p\u00ebr afer\u00ebn \u201cMcGonigal\u201d ku \u00ebsht\u00eb i p\u00ebrfshir\u00eb edhe Rama. Berisha iu drejtua Ram\u00ebs se, nuk shp\u00ebton nga nd\u00ebshkimi i drejt\u00ebsis\u00eb amerikane, nuk jan\u00eb Daman\u00eb dhe Kraja ata. \u201cEdi Rama, ti n\u00eb krye t\u00eb grupit t\u00eb strukturuar kriminal McGonigal-Dorian Du\u00e7ka-Neza-Gjiknuri, etj, je b\u00ebr\u00eb personi m\u00eb i damkosur sot &hellip;<\/p>\n","protected":false},"author":4,"featured_media":36879,"comment_status":"closed","ping_status":"closed","sticky":false,"template":"","format":"standard","meta":{"footnotes":""},"categories":[37],"tags":[],"class_list":["post-69605","post","type-post","status-publish","format-standard","has-post-thumbnail","","category-politike"],"_links":{"self":[{"href":"https:\/\/rdnews.al\/index.php\/wp-json\/wp\/v2\/posts\/69605","targetHints":{"allow":["GET"]}}],"collection":[{"href":"https:\/\/rdnews.al\/index.php\/wp-json\/wp\/v2\/posts"}],"about":[{"href":"https:\/\/rdnews.al\/index.php\/wp-json\/wp\/v2\/types\/post"}],"author":[{"embeddable":true,"href":"https:\/\/rdnews.al\/index.php\/wp-json\/wp\/v2\/users\/4"}],"replies":[{"embeddable":true,"href":"https:\/\/rdnews.al\/index.php\/wp-json\/wp\/v2\/comments?post=69605"}],"version-history":[{"count":0,"href":"https:\/\/rdnews.al\/index.php\/wp-json\/wp\/v2\/posts\/69605\/revisions"}],"wp:featuredmedia":[{"embeddable":true,"href":"https:\/\/rdnews.al\/index.php\/wp-json\/wp\/v2\/media\/36879"}],"wp:attachment":[{"href":"https:\/\/rdnews.al\/index.php\/wp-json\/wp\/v2\/media?parent=69605"}],"wp:term":[{"taxonomy":"category","embeddable":true,"href":"https:\/\/rdnews.al\/index.php\/wp-json\/wp\/v2\/categories?post=69605"},{"taxonomy":"post_tag","embeddable":true,"href":"https:\/\/rdnews.al\/index.php\/wp-json\/wp\/v2\/tags?post=69605"}],"curies":[{"name":"wp","href":"https:\/\/api.w.org\/{rel}","templated":true}]}}