{"id":69607,"date":"2024-01-24T18:30:28","date_gmt":"2024-01-24T18:30:28","guid":{"rendered":"https:\/\/rdnews.al\/?p=69607"},"modified":"2024-01-24T18:30:28","modified_gmt":"2024-01-24T18:30:28","slug":"ish-kreu-i-kqz-nese-nuk-behet-reforma-zgjedhore-do-te-perseriten-zgjedhjet-e-2021","status":"publish","type":"post","link":"https:\/\/rdnews.al\/index.php\/2024\/01\/24\/ish-kreu-i-kqz-nese-nuk-behet-reforma-zgjedhore-do-te-perseriten-zgjedhjet-e-2021\/","title":{"rendered":"Ish-kreu i KQZ: N\u00ebse nuk b\u00ebhet Reforma Zgjedhore, do t\u00eb p\u00ebrs\u00ebriten zgjedhjet e 2021"},"content":{"rendered":"<p>Ish-kryetari i KQZ-s\u00eb dhe eksperti i \u00e7\u00ebshtjeve zgjedhore, Kristaq Kume ka k\u00ebrkuar me ngulm q\u00eb t\u00eb b\u00ebhet Reforma Zgjedhore.<\/p>\n<p>Sipas Kumes, n\u00ebse nuk do t\u00eb ket\u00eb ndryshime n\u00eb Kodin Zgjedhor, do t\u00eb p\u00ebrs\u00ebriten zgjedhjet e 2021 dhe ndoshta edhe n\u00eb nj\u00eb situat\u00eb m\u00eb te keqe.<\/p>\n<p>\u201cN\u00ebse nuk b\u00ebjm\u00eb ndryshime n\u00eb ligjin zgjedhor, zgjedhjet e 2025 do t\u00eb shoq\u00ebrohen me po at\u00eb rrezik t\u00eb zgjedhjeve t\u00eb 2021. Dhe ndryshimet duhet t\u00eb b\u00ebhen jo vet\u00ebm ato q\u00eb thot\u00eb OSBE-ODIHR.<\/p>\n<p>Duke ju referuar asaj se sa dhe si ne e realizuam procesin zgjedhor me k\u00ebt\u00eb legjislacion q\u00eb kemi sot, un\u00eb do t\u00eb thoja q\u00eb n\u00ebse nuk nd\u00ebrhyhet edhe n\u00eb \u00e7\u00ebshtje t\u00eb tjera q\u00eb mund t\u00eb rregullohen n\u00ebp\u00ebmjet reform\u00ebn zgjedhore, ne do t\u00eb na p\u00ebrs\u00ebritet, ndoshta edhe m\u00eb keq situata me t\u00eb cil\u00ebn u p\u00ebrball\u00ebm n\u00eb vitin 2021.<\/p>\n<p>Un\u00eb e konsideroj t\u00eb domosdoshme realizimin e reform\u00ebs zgjedhore, e cila natyrisht duhet t\u00eb ket\u00eb pasqyrimin e rekomandimeve t\u00eb OSBE-ODIHR, q\u00eb kan\u00eb lidhje me zgjedhjet. Ne nuk vuajm\u00eb shum\u00eb nga legjislacioni, por nga zbatimi i ligjeve. N\u00ebse nuk ndryshon asgj\u00eb, do t\u00eb p\u00ebrs\u00ebriten zgjedhjet e 2021\u2033, tha Kristaq Kume n\u00eb SYRI TV.<\/p>\n","protected":false},"excerpt":{"rendered":"<p>Ish-kryetari i KQZ-s\u00eb dhe eksperti i \u00e7\u00ebshtjeve zgjedhore, Kristaq Kume ka k\u00ebrkuar me ngulm q\u00eb t\u00eb b\u00ebhet Reforma Zgjedhore. Sipas Kumes, n\u00ebse nuk do t\u00eb ket\u00eb ndryshime n\u00eb Kodin Zgjedhor, do t\u00eb p\u00ebrs\u00ebriten zgjedhjet e 2021 dhe ndoshta edhe n\u00eb nj\u00eb situat\u00eb m\u00eb te keqe. \u201cN\u00ebse nuk b\u00ebjm\u00eb ndryshime n\u00eb ligjin zgjedhor, zgjedhjet e 2025 &hellip;<\/p>\n","protected":false},"author":4,"featured_media":69608,"comment_status":"closed","ping_status":"closed","sticky":false,"template":"","format":"standard","meta":{"footnotes":""},"categories":[37],"tags":[],"class_list":["post-69607","post","type-post","status-publish","format-standard","has-post-thumbnail","","category-politike"],"_links":{"self":[{"href":"https:\/\/rdnews.al\/index.php\/wp-json\/wp\/v2\/posts\/69607","targetHints":{"allow":["GET"]}}],"collection":[{"href":"https:\/\/rdnews.al\/index.php\/wp-json\/wp\/v2\/posts"}],"about":[{"href":"https:\/\/rdnews.al\/index.php\/wp-json\/wp\/v2\/types\/post"}],"author":[{"embeddable":true,"href":"https:\/\/rdnews.al\/index.php\/wp-json\/wp\/v2\/users\/4"}],"replies":[{"embeddable":true,"href":"https:\/\/rdnews.al\/index.php\/wp-json\/wp\/v2\/comments?post=69607"}],"version-history":[{"count":0,"href":"https:\/\/rdnews.al\/index.php\/wp-json\/wp\/v2\/posts\/69607\/revisions"}],"wp:featuredmedia":[{"embeddable":true,"href":"https:\/\/rdnews.al\/index.php\/wp-json\/wp\/v2\/media\/69608"}],"wp:attachment":[{"href":"https:\/\/rdnews.al\/index.php\/wp-json\/wp\/v2\/media?parent=69607"}],"wp:term":[{"taxonomy":"category","embeddable":true,"href":"https:\/\/rdnews.al\/index.php\/wp-json\/wp\/v2\/categories?post=69607"},{"taxonomy":"post_tag","embeddable":true,"href":"https:\/\/rdnews.al\/index.php\/wp-json\/wp\/v2\/tags?post=69607"}],"curies":[{"name":"wp","href":"https:\/\/api.w.org\/{rel}","templated":true}]}}