{"id":69611,"date":"2024-01-24T19:58:22","date_gmt":"2024-01-24T19:58:22","guid":{"rendered":"https:\/\/rdnews.al\/?p=69611"},"modified":"2024-01-24T19:58:22","modified_gmt":"2024-01-24T19:58:22","slug":"loja-e-rames-me-shqetesimet-nga-spak","status":"publish","type":"post","link":"https:\/\/rdnews.al\/index.php\/2024\/01\/24\/loja-e-rames-me-shqetesimet-nga-spak\/","title":{"rendered":"Loja e Ram\u00ebs me &#8216;shqet\u00ebsimet&#8217; nga SPAK!"},"content":{"rendered":"<p><strong>Nga \u00c7im PEKA<\/strong><\/p>\n<p>Asnj\u00eb shqet\u00ebsim nuk ka Edi Rama nga SPAK dhe asnj\u00eb plan t\u00eb ndryshoj\u00eb ligjin nuk ka.<\/p>\n<p>SPAK \u00ebsht\u00eb t\u00ebr\u00ebsisht n\u00eb var\u00ebsin\u00eb e tij dhe kjo e fundit i ka siguruar Ram\u00ebs edhe kontroll mbi Gjykatat.<\/p>\n<p>E gjith\u00eb zhurma mbi projekt ligjet kund\u00ebr SPAK ka vet\u00ebm dy q\u00ebllime:<\/p>\n<p>1-T\u00eb krijoj\u00eb iden\u00eb q\u00eb nuk e ka n\u00ebn kontroll SPAK-un.<\/p>\n<p>2-Ta spostoj\u00eb debatin nga kontrolli total q\u00eb ka mbi Gestapon \u201cSPAK\u201d, tek perceptimi q\u00eb SPAK \u00ebsht\u00eb i pavarur.<\/p>\n<p>Mos u g\u00ebnjeni nga p\u00ebrrallat me projektligje t\u00eb reja me ideator Fatmir Xhaf\u00ebn kund\u00ebr SPAK, pasi Rama e kontrollon totalisht. Thjesht i duhet debati mbi gjoja \u201cfrik\u00ebn\u201d q\u00eb ka nga SPAK.<\/p>\n<p>Ulsi Dumani dhe Edi Kraja jan\u00eb n\u00eb sinkron t\u00eb plot\u00eb.<\/p>\n<p>Ata jan\u00eb dy deg\u00eb t\u00eb s\u00eb nj\u00ebjt\u00ebs organizate kriminale.<\/p>\n<p>Kodin e telefonit 003 Dumani e ka t\u00eb faktuar se kush e p\u00ebrdor, por asnj\u00eb hetim nuk nis dot.<\/p>\n<p>Diplomat\u00ebt e \u201cshqet\u00ebsuar\u201d ose jan\u00eb naiv\u00eb ose te korruptuar. Nuk ka asnj\u00eb nism\u00eb kund\u00ebr Gestapos SPAK.<\/p>\n<p>Kaq!<\/p>\n","protected":false},"excerpt":{"rendered":"<p>Nga \u00c7im PEKA Asnj\u00eb shqet\u00ebsim nuk ka Edi Rama nga SPAK dhe asnj\u00eb plan t\u00eb ndryshoj\u00eb ligjin nuk ka. SPAK \u00ebsht\u00eb t\u00ebr\u00ebsisht n\u00eb var\u00ebsin\u00eb e tij dhe kjo e fundit i ka siguruar Ram\u00ebs edhe kontroll mbi Gjykatat. E gjith\u00eb zhurma mbi projekt ligjet kund\u00ebr SPAK ka vet\u00ebm dy q\u00ebllime: 1-T\u00eb krijoj\u00eb iden\u00eb q\u00eb nuk &hellip;<\/p>\n","protected":false},"author":4,"featured_media":69612,"comment_status":"closed","ping_status":"closed","sticky":false,"template":"","format":"standard","meta":{"footnotes":""},"categories":[44],"tags":[],"class_list":["post-69611","post","type-post","status-publish","format-standard","has-post-thumbnail","","category-editorial"],"_links":{"self":[{"href":"https:\/\/rdnews.al\/index.php\/wp-json\/wp\/v2\/posts\/69611","targetHints":{"allow":["GET"]}}],"collection":[{"href":"https:\/\/rdnews.al\/index.php\/wp-json\/wp\/v2\/posts"}],"about":[{"href":"https:\/\/rdnews.al\/index.php\/wp-json\/wp\/v2\/types\/post"}],"author":[{"embeddable":true,"href":"https:\/\/rdnews.al\/index.php\/wp-json\/wp\/v2\/users\/4"}],"replies":[{"embeddable":true,"href":"https:\/\/rdnews.al\/index.php\/wp-json\/wp\/v2\/comments?post=69611"}],"version-history":[{"count":0,"href":"https:\/\/rdnews.al\/index.php\/wp-json\/wp\/v2\/posts\/69611\/revisions"}],"wp:featuredmedia":[{"embeddable":true,"href":"https:\/\/rdnews.al\/index.php\/wp-json\/wp\/v2\/media\/69612"}],"wp:attachment":[{"href":"https:\/\/rdnews.al\/index.php\/wp-json\/wp\/v2\/media?parent=69611"}],"wp:term":[{"taxonomy":"category","embeddable":true,"href":"https:\/\/rdnews.al\/index.php\/wp-json\/wp\/v2\/categories?post=69611"},{"taxonomy":"post_tag","embeddable":true,"href":"https:\/\/rdnews.al\/index.php\/wp-json\/wp\/v2\/tags?post=69611"}],"curies":[{"name":"wp","href":"https:\/\/api.w.org\/{rel}","templated":true}]}}