{"id":69614,"date":"2024-01-24T20:04:02","date_gmt":"2024-01-24T20:04:02","guid":{"rendered":"https:\/\/rdnews.al\/?p=69614"},"modified":"2024-01-24T20:04:02","modified_gmt":"2024-01-24T20:04:02","slug":"kellici-afera-e-shekullit-shkon-deri-ne-shba-dhe-perfshihen-fakte-dhe-arrestime-konkrete-nga-fbi","status":"publish","type":"post","link":"https:\/\/rdnews.al\/index.php\/2024\/01\/24\/kellici-afera-e-shekullit-shkon-deri-ne-shba-dhe-perfshihen-fakte-dhe-arrestime-konkrete-nga-fbi\/","title":{"rendered":"K\u00eblli\u00e7i: Afera e shekullit shkon deri n\u00eb SHBA dhe p\u00ebrfshihen fakte dhe arrestime konkrete nga FBI"},"content":{"rendered":"<p>An\u00ebtari i Kryesis\u00eb s\u00eb PD, Belind K\u00eblli\u00e7i ka b\u00ebr\u00eb me dije se dit\u00ebn e premte do t\u00eb pulbikoj\u00eb faktet t\u00eb reja bomb\u00eb mbi afer\u00ebn e inceneratorit t\u00eb Tiran\u00ebs q\u00eb mb\u00ebrrin deri n\u00eb SHBA dhe p\u00ebrfshin dhe FBI-n\u00eb.<\/p>\n<p>Gjat\u00eb nj\u00eb interviste n\u00eb Euronews Albania, K\u00eblli\u00e7i u shpreh se po p\u00ebrpunon informacionin q\u00eb \u00ebsht\u00eb i detajuar dhe voluminoz. Sipas K\u00eblli\u00e7it kjo vjedhje shkon dri n\u00eb SHBA dhe p\u00ebrfshihen fakte dhe arrestime konkrete nga FBI-ja.<\/p>\n<p>Ai deklaron se FBI ka ndaluar persona t\u00eb cil\u00ebt kan\u00eb lidhje me skem\u00ebn e inceneratorit t\u00eb Tiran\u00ebs. K\u00ebta persona jan\u00eb arrestuar n\u00eb SHBA p\u00ebr mashtrim financiar dhe lidhja vjen deri n\u00eb inceneratorin e Tiran\u00ebs.<\/p>\n<p>\u201cDit\u00ebn e premte do t\u00eb kemi nj\u00eb bomb\u00eb p\u00ebr qytetar\u00ebt n\u00eb lidhje me zhvillimet e fundit p\u00ebr afer\u00ebn q\u00eb mb\u00ebrrin deri n\u00eb SHBA dhe p\u00ebrfshin dhe FBI-n\u00eb.<\/p>\n<p>Po p\u00ebrpunoj nj\u00eb informacion q\u00eb \u00ebsht\u00eb i detajuar dhe voluminoz. Un\u00eb do t\u00eb shprehem publikisht t\u00eb premten. Do mbledh t\u00eb gjitha t\u00eb dh\u00ebnat dhe faktet q\u00eb kam.<\/p>\n<p>Kjo vjedhje shkon deri n\u00eb SHBA dhe p\u00ebrfshihen fakte dhe me arrestime konkrete nga FBI-ja. E kam marr\u00eb k\u00ebto dit\u00eb dhe do ta b\u00ebj publik t\u00eb premten. Un\u00eb do ta publikoj dhe do ta \u00e7oj dhe n\u00eb SPAK.<\/p>\n<p>Edhe pse nuk jam i k\u00ebnaqur me pun\u00ebn e SPAK dhe ka nj\u00eb tentativ\u00eb p\u00ebr t\u00eb mbuluar k\u00ebt\u00eb afer\u00eb dhe p\u00ebr t\u00eb mos prekur Bashkin\u00eb e Tiran\u00ebs un\u00eb prap do t\u00eb vijoj. Nuk ka lidhje me McGonigal.<\/p>\n<p>P\u00ebrfshihet FBI-ja, e cila ka ndaluar personat t\u00eb cil\u00ebt jan\u00eb t\u00eb p\u00ebrfshir\u00eb n\u00eb skem\u00ebn e inceneratorit t\u00eb Tiran\u00ebs.<\/p>\n<p>Jan\u00eb t\u00eb arrestuar n\u00eb SHBA p\u00ebr skem\u00eb mashtrimi financiar n\u00eb SHBA.<\/p>\n<p>Mashtrim me qindra milion\u00eb dollar\u00eb lidhja vjen deri tek inceneratori i Tiran\u00ebs\u201d, tha K\u00eblli\u00e7i.<\/p>\n","protected":false},"excerpt":{"rendered":"<p>An\u00ebtari i Kryesis\u00eb s\u00eb PD, Belind K\u00eblli\u00e7i ka b\u00ebr\u00eb me dije se dit\u00ebn e premte do t\u00eb pulbikoj\u00eb faktet t\u00eb reja bomb\u00eb mbi afer\u00ebn e inceneratorit t\u00eb Tiran\u00ebs q\u00eb mb\u00ebrrin deri n\u00eb SHBA dhe p\u00ebrfshin dhe FBI-n\u00eb. Gjat\u00eb nj\u00eb interviste n\u00eb Euronews Albania, K\u00eblli\u00e7i u shpreh se po p\u00ebrpunon informacionin q\u00eb \u00ebsht\u00eb i detajuar dhe &hellip;<\/p>\n","protected":false},"author":4,"featured_media":42023,"comment_status":"closed","ping_status":"closed","sticky":false,"template":"","format":"standard","meta":{"footnotes":""},"categories":[37],"tags":[],"class_list":["post-69614","post","type-post","status-publish","format-standard","has-post-thumbnail","","category-politike"],"_links":{"self":[{"href":"https:\/\/rdnews.al\/index.php\/wp-json\/wp\/v2\/posts\/69614","targetHints":{"allow":["GET"]}}],"collection":[{"href":"https:\/\/rdnews.al\/index.php\/wp-json\/wp\/v2\/posts"}],"about":[{"href":"https:\/\/rdnews.al\/index.php\/wp-json\/wp\/v2\/types\/post"}],"author":[{"embeddable":true,"href":"https:\/\/rdnews.al\/index.php\/wp-json\/wp\/v2\/users\/4"}],"replies":[{"embeddable":true,"href":"https:\/\/rdnews.al\/index.php\/wp-json\/wp\/v2\/comments?post=69614"}],"version-history":[{"count":0,"href":"https:\/\/rdnews.al\/index.php\/wp-json\/wp\/v2\/posts\/69614\/revisions"}],"wp:featuredmedia":[{"embeddable":true,"href":"https:\/\/rdnews.al\/index.php\/wp-json\/wp\/v2\/media\/42023"}],"wp:attachment":[{"href":"https:\/\/rdnews.al\/index.php\/wp-json\/wp\/v2\/media?parent=69614"}],"wp:term":[{"taxonomy":"category","embeddable":true,"href":"https:\/\/rdnews.al\/index.php\/wp-json\/wp\/v2\/categories?post=69614"},{"taxonomy":"post_tag","embeddable":true,"href":"https:\/\/rdnews.al\/index.php\/wp-json\/wp\/v2\/tags?post=69614"}],"curies":[{"name":"wp","href":"https:\/\/api.w.org\/{rel}","templated":true}]}}