{"id":69616,"date":"2024-01-25T09:14:47","date_gmt":"2024-01-25T09:14:47","guid":{"rendered":"https:\/\/rdnews.al\/?p=69616"},"modified":"2024-01-25T09:14:47","modified_gmt":"2024-01-25T09:14:47","slug":"procesi-politik-ndaj-berishes-apeli-le-ne-fuqi-masen-e-sigurise-ndaj-liderit-te-opozites","status":"publish","type":"post","link":"https:\/\/rdnews.al\/index.php\/2024\/01\/25\/procesi-politik-ndaj-berishes-apeli-le-ne-fuqi-masen-e-sigurise-ndaj-liderit-te-opozites\/","title":{"rendered":"Procesi politik ndaj Berish\u00ebs\/ Apeli le n\u00eb fuqi mas\u00ebn e siguris\u00eb ndaj liderit t\u00eb opozit\u00ebs"},"content":{"rendered":"<p>Apeli i Gjykat\u00ebs s\u00eb Posa\u00e7me ka l\u00ebn\u00eb n\u00eb fuqi mas\u00ebn e siguris\u00eb ndaj liderit t\u00eb opozit\u00ebs, Sali Berisha. Edhe pse masa ndaj tij \u00ebsht\u00eb e paligjshme, gjykata iu bind SPAK p\u00ebr t\u00eb vijuar mas\u00ebn e arrestit sht\u00ebpiak.<\/p>\n<p>NJOFTIM ZYRTAR<\/p>\n<p>Gjykata e Posa\u00e7me e Apelit p\u00ebr Korrupsionin dhe Krimin e Organizuar, me trup gjykues monokratik t\u00eb p\u00ebrb\u00ebr\u00eb nga gjyqtarja Iliriana Olldashi, sot m\u00eb 25.01.2024, ora 09:00, shpalli vendimin mbi \u00e7\u00ebshtjen penale nr. 27 akti, dat\u00eb 16.01.2024 regjistrimi, regjistruar mbi ankimin e personit n\u00ebn hetim\/ankues S.B.,me objekt: \u201cAnkim ndaj vendimit nr. 520, dat\u00eb 30.12.2023 (disponuar mbi k\u00ebrkes\u00ebn p\u00ebr z\u00ebvend\u00ebsimin e mas\u00ebs s\u00eb sigurimit personal) dhe vendimit nr. 521, dat\u00eb 27.12.2023 (disponuar mbi k\u00ebrkes\u00ebn p\u00ebr p\u00ebrjashtim gjyqtari) t\u00eb Gjykat\u00ebs s\u00eb Posa\u00e7me t\u00eb Shkall\u00ebs s\u00eb Par\u00eb p\u00ebr Korrupsionin dhe Krimin e Organizuar\u201d,dhe vendosi:<\/p>\n<p>Miratimin e nr. 520, dat\u00eb 30.12.2023 t\u00eb Gjykat\u00ebs s\u00eb Posa\u00e7me t\u00eb Shkall\u00ebs s\u00eb Par\u00eb p\u00ebr Korrupsionin dhe Krimin e Organizuar.<\/p>\n","protected":false},"excerpt":{"rendered":"<p>Apeli i Gjykat\u00ebs s\u00eb Posa\u00e7me ka l\u00ebn\u00eb n\u00eb fuqi mas\u00ebn e siguris\u00eb ndaj liderit t\u00eb opozit\u00ebs, Sali Berisha. Edhe pse masa ndaj tij \u00ebsht\u00eb e paligjshme, gjykata iu bind SPAK p\u00ebr t\u00eb vijuar mas\u00ebn e arrestit sht\u00ebpiak. NJOFTIM ZYRTAR Gjykata e Posa\u00e7me e Apelit p\u00ebr Korrupsionin dhe Krimin e Organizuar, me trup gjykues monokratik t\u00eb &hellip;<\/p>\n","protected":false},"author":4,"featured_media":69428,"comment_status":"closed","ping_status":"closed","sticky":false,"template":"","format":"standard","meta":{"footnotes":""},"categories":[37],"tags":[],"class_list":["post-69616","post","type-post","status-publish","format-standard","has-post-thumbnail","","category-politike"],"_links":{"self":[{"href":"https:\/\/rdnews.al\/index.php\/wp-json\/wp\/v2\/posts\/69616","targetHints":{"allow":["GET"]}}],"collection":[{"href":"https:\/\/rdnews.al\/index.php\/wp-json\/wp\/v2\/posts"}],"about":[{"href":"https:\/\/rdnews.al\/index.php\/wp-json\/wp\/v2\/types\/post"}],"author":[{"embeddable":true,"href":"https:\/\/rdnews.al\/index.php\/wp-json\/wp\/v2\/users\/4"}],"replies":[{"embeddable":true,"href":"https:\/\/rdnews.al\/index.php\/wp-json\/wp\/v2\/comments?post=69616"}],"version-history":[{"count":0,"href":"https:\/\/rdnews.al\/index.php\/wp-json\/wp\/v2\/posts\/69616\/revisions"}],"wp:featuredmedia":[{"embeddable":true,"href":"https:\/\/rdnews.al\/index.php\/wp-json\/wp\/v2\/media\/69428"}],"wp:attachment":[{"href":"https:\/\/rdnews.al\/index.php\/wp-json\/wp\/v2\/media?parent=69616"}],"wp:term":[{"taxonomy":"category","embeddable":true,"href":"https:\/\/rdnews.al\/index.php\/wp-json\/wp\/v2\/categories?post=69616"},{"taxonomy":"post_tag","embeddable":true,"href":"https:\/\/rdnews.al\/index.php\/wp-json\/wp\/v2\/tags?post=69616"}],"curies":[{"name":"wp","href":"https:\/\/api.w.org\/{rel}","templated":true}]}}