{"id":69618,"date":"2024-01-25T09:16:14","date_gmt":"2024-01-25T09:16:14","guid":{"rendered":"https:\/\/rdnews.al\/?p=69618"},"modified":"2024-01-25T09:16:14","modified_gmt":"2024-01-25T09:16:14","slug":"avokati-vendimi-i-apelit-vertetoi-qellimin-politik-te-mbajtjes-ne-izolim-te-zotit-berisha","status":"publish","type":"post","link":"https:\/\/rdnews.al\/index.php\/2024\/01\/25\/avokati-vendimi-i-apelit-vertetoi-qellimin-politik-te-mbajtjes-ne-izolim-te-zotit-berisha\/","title":{"rendered":"Avokati: Vendimi i Apelit v\u00ebrtetoi q\u00ebllimin politik t\u00eb mbajtjes n\u00eb izolim t\u00eb zotit Berisha"},"content":{"rendered":"<p>Genc Gjokutaj, avokati i liderit t\u00eb opozit\u00ebs, pasi mori vendimin e SPAK p\u00ebr mosndryshimin e mas\u00ebs s\u00eb siguris\u00eb dhe vazhdimin e mbajtjes\u00a0n\u00eb\u00a0arrest sht\u00ebpie t\u00eb z. Sali Berisha tha se, tani u v\u00ebrtetua p\u00ebrfundimisht q\u00ebllimi politik p\u00ebr ta mbajtur n\u00eb izolim z. Berisha. Por avokati\u00a0theksoi se &#8220;beteja vazhdon&#8221;.<\/p>\n<p>&#8220;Vendimi i Gjykat\u00ebs s\u00eb Apelit p\u00ebr rr\u00ebzimin e k\u00ebrkes\u00ebs p\u00ebr administrimin e vendimit t\u00eb p\u00ebrjashtimit, i cili u gjykua pas shpalljes s\u00eb vendimit, gj\u00eb absurde, as m\u00eb shum\u00eb dhe as m\u00eb pak, Gjykata e Apelit v\u00ebrtetoi, i dekriptua p\u00ebrfundimisht q\u00ebllimi politik i mbajtjes n\u00eb izolim t\u00eb z. Berisha, pasi p\u00ebr SPAK-un dhe \u00ebr Gjykat\u00ebn Antikorrupsion nuk ka r\u00ebnd\u00ebsi n\u00ebse ai paraqitet ose jo, n\u00ebse ai jep shpjegime ose jo, \u00ebsht\u00eb n\u00eb dispozicion t\u00eb procesit apo jo.<\/p>\n<p>Q\u00ebllimi \u00ebsht\u00eb q\u00eb ai t\u00eb izolohet. Zoti Berisha erdhi nj\u00eb dit\u00eb p\u00ebrpara gjykimit. Gjykata e shtyu p\u00ebr sot. Nuk e kuptova arsyen e shtyrjes dhe vendosi miratimin. Ka b\u00ebr\u00eb edhe nj\u00eb gabim tjet\u00ebr q\u00eb nuk \u00ebsht\u00eb shprehur n\u00eb lidhje me k\u00ebrkes\u00ebn e p\u00ebrjashtimit q\u00eb ne kemi ankimuar bashk\u00eb me vendimin. Beteja vazhdon! Patjet\u00ebr n\u00eb Gjykat\u00ebn e Lart\u00eb.\u00a0 Me\u00a0shpalljen\u00a0e vendimit, nuk kemi \u00e7far\u00eb presim. Do t\u00eb rekursohet vendimi i Apelit&#8221;, tha avokati.<\/p>\n","protected":false},"excerpt":{"rendered":"<p>Genc Gjokutaj, avokati i liderit t\u00eb opozit\u00ebs, pasi mori vendimin e SPAK p\u00ebr mosndryshimin e mas\u00ebs s\u00eb siguris\u00eb dhe vazhdimin e mbajtjes\u00a0n\u00eb\u00a0arrest sht\u00ebpie t\u00eb z. Sali Berisha tha se, tani u v\u00ebrtetua p\u00ebrfundimisht q\u00ebllimi politik p\u00ebr ta mbajtur n\u00eb izolim z. Berisha. Por avokati\u00a0theksoi se &#8220;beteja vazhdon&#8221;. &#8220;Vendimi i Gjykat\u00ebs s\u00eb Apelit p\u00ebr rr\u00ebzimin e &hellip;<\/p>\n","protected":false},"author":4,"featured_media":69551,"comment_status":"closed","ping_status":"closed","sticky":false,"template":"","format":"standard","meta":{"footnotes":""},"categories":[37],"tags":[],"class_list":["post-69618","post","type-post","status-publish","format-standard","has-post-thumbnail","","category-politike"],"_links":{"self":[{"href":"https:\/\/rdnews.al\/index.php\/wp-json\/wp\/v2\/posts\/69618","targetHints":{"allow":["GET"]}}],"collection":[{"href":"https:\/\/rdnews.al\/index.php\/wp-json\/wp\/v2\/posts"}],"about":[{"href":"https:\/\/rdnews.al\/index.php\/wp-json\/wp\/v2\/types\/post"}],"author":[{"embeddable":true,"href":"https:\/\/rdnews.al\/index.php\/wp-json\/wp\/v2\/users\/4"}],"replies":[{"embeddable":true,"href":"https:\/\/rdnews.al\/index.php\/wp-json\/wp\/v2\/comments?post=69618"}],"version-history":[{"count":0,"href":"https:\/\/rdnews.al\/index.php\/wp-json\/wp\/v2\/posts\/69618\/revisions"}],"wp:featuredmedia":[{"embeddable":true,"href":"https:\/\/rdnews.al\/index.php\/wp-json\/wp\/v2\/media\/69551"}],"wp:attachment":[{"href":"https:\/\/rdnews.al\/index.php\/wp-json\/wp\/v2\/media?parent=69618"}],"wp:term":[{"taxonomy":"category","embeddable":true,"href":"https:\/\/rdnews.al\/index.php\/wp-json\/wp\/v2\/categories?post=69618"},{"taxonomy":"post_tag","embeddable":true,"href":"https:\/\/rdnews.al\/index.php\/wp-json\/wp\/v2\/tags?post=69618"}],"curies":[{"name":"wp","href":"https:\/\/api.w.org\/{rel}","templated":true}]}}