{"id":69625,"date":"2024-01-25T09:27:45","date_gmt":"2024-01-25T09:27:45","guid":{"rendered":"https:\/\/rdnews.al\/?p=69625"},"modified":"2024-01-25T09:27:45","modified_gmt":"2024-01-25T09:27:45","slug":"opozita-revolte-ne-kuvend-na-ktheni-ate-qe-eshte-e-jona","status":"publish","type":"post","link":"https:\/\/rdnews.al\/index.php\/2024\/01\/25\/opozita-revolte-ne-kuvend-na-ktheni-ate-qe-eshte-e-jona\/","title":{"rendered":"Opozita revolt\u00eb n\u00eb Kuvend: Na ktheni at\u00eb q\u00eb \u00ebsht\u00eb e jona!"},"content":{"rendered":"<p>Deputet\u00ebt e opozit\u00ebs kan\u00eb shkuar sot n\u00eb Kuvend me pankarta, me mesazhe kund\u00ebr qeveris\u00eb.<\/p>\n<p>\u201cNa duhet qeveri, jo kartel\u201d, \u201cVras\u00ebs i pluralizmit\u201d, \u201cGjykatat e Shqip\u00ebris\u00eb, apo gjykatat e Ram\u00ebs\u201d, \u201cEdhe Rama, n\u00eb burg si Mcgonigal\u201d, \u201cNa ktheni at\u00eb q\u00eb \u00ebsht\u00eb e jona!\u201c, jan\u00eb disa nga mesazhet q\u00eb kan\u00eb zgjedhur opozitar\u00ebt sot, n\u00eb shqip dhe anglisht, n\u00eb kuad\u00ebr t\u00eb protest\u00ebs s\u00eb tyre q\u00eb vijon prej disa koh\u00ebsh.<\/p>\n<p>Nd\u00ebrkoh\u00eb, disa deputet\u00eb kan\u00eb zgjedhur q\u00eb t\u00eb bllokojn\u00eb n\u00eb rresht foltoren, duke mbajtur n\u00eb duar dhe pankarta t\u00eb vogla, si shenj\u00eb e skenarit t\u00eb bllokimit t\u00eb punimeve t\u00eb Kuvendit.<\/p>\n<p><img loading=\"lazy\" decoding=\"async\" class=\"alignnone size-medium wp-image-69627\" src=\"https:\/\/rdnews.al\/wp-content\/uploads\/2024\/01\/kk-300x169.jpg\" alt=\"\" width=\"300\" height=\"169\" srcset=\"https:\/\/rdnews.al\/wp-content\/uploads\/2024\/01\/kk-300x169.jpg 300w, https:\/\/rdnews.al\/wp-content\/uploads\/2024\/01\/kk-1024x575.jpg 1024w, https:\/\/rdnews.al\/wp-content\/uploads\/2024\/01\/kk-768x431.jpg 768w, https:\/\/rdnews.al\/wp-content\/uploads\/2024\/01\/kk.jpg 1280w\" sizes=\"auto, (max-width: 300px) 100vw, 300px\" \/><\/p>\n","protected":false},"excerpt":{"rendered":"<p>Deputet\u00ebt e opozit\u00ebs kan\u00eb shkuar sot n\u00eb Kuvend me pankarta, me mesazhe kund\u00ebr qeveris\u00eb. \u201cNa duhet qeveri, jo kartel\u201d, \u201cVras\u00ebs i pluralizmit\u201d, \u201cGjykatat e Shqip\u00ebris\u00eb, apo gjykatat e Ram\u00ebs\u201d, \u201cEdhe Rama, n\u00eb burg si Mcgonigal\u201d, \u201cNa ktheni at\u00eb q\u00eb \u00ebsht\u00eb e jona!\u201c, jan\u00eb disa nga mesazhet q\u00eb kan\u00eb zgjedhur opozitar\u00ebt sot, n\u00eb shqip dhe anglisht, &hellip;<\/p>\n","protected":false},"author":4,"featured_media":69626,"comment_status":"closed","ping_status":"closed","sticky":false,"template":"","format":"standard","meta":{"footnotes":""},"categories":[37],"tags":[],"class_list":["post-69625","post","type-post","status-publish","format-standard","has-post-thumbnail","","category-politike"],"_links":{"self":[{"href":"https:\/\/rdnews.al\/index.php\/wp-json\/wp\/v2\/posts\/69625","targetHints":{"allow":["GET"]}}],"collection":[{"href":"https:\/\/rdnews.al\/index.php\/wp-json\/wp\/v2\/posts"}],"about":[{"href":"https:\/\/rdnews.al\/index.php\/wp-json\/wp\/v2\/types\/post"}],"author":[{"embeddable":true,"href":"https:\/\/rdnews.al\/index.php\/wp-json\/wp\/v2\/users\/4"}],"replies":[{"embeddable":true,"href":"https:\/\/rdnews.al\/index.php\/wp-json\/wp\/v2\/comments?post=69625"}],"version-history":[{"count":0,"href":"https:\/\/rdnews.al\/index.php\/wp-json\/wp\/v2\/posts\/69625\/revisions"}],"wp:featuredmedia":[{"embeddable":true,"href":"https:\/\/rdnews.al\/index.php\/wp-json\/wp\/v2\/media\/69626"}],"wp:attachment":[{"href":"https:\/\/rdnews.al\/index.php\/wp-json\/wp\/v2\/media?parent=69625"}],"wp:term":[{"taxonomy":"category","embeddable":true,"href":"https:\/\/rdnews.al\/index.php\/wp-json\/wp\/v2\/categories?post=69625"},{"taxonomy":"post_tag","embeddable":true,"href":"https:\/\/rdnews.al\/index.php\/wp-json\/wp\/v2\/tags?post=69625"}],"curies":[{"name":"wp","href":"https:\/\/api.w.org\/{rel}","templated":true}]}}