{"id":69629,"date":"2024-01-25T09:31:44","date_gmt":"2024-01-25T09:31:44","guid":{"rendered":"https:\/\/rdnews.al\/?p=69629"},"modified":"2024-01-25T09:34:34","modified_gmt":"2024-01-25T09:34:34","slug":"rama-ne-burg-si-mcgonigal","status":"publish","type":"post","link":"https:\/\/rdnews.al\/index.php\/2024\/01\/25\/rama-ne-burg-si-mcgonigal\/","title":{"rendered":"Rama n\u00eb burg si McGonigal!"},"content":{"rendered":"<p>Deputet\u00ebt e opozit\u00ebs kan\u00eb shkuar sot n\u00eb Kuvend me pankarta, me mesazhe kund\u00ebr qeveris\u00eb.<\/p>\n<p>\u201cNa duhet qeveri, jo kartel\u201d, \u201cVras\u00ebs i pluralizmit\u201d, \u201cGjykatat e Shqip\u00ebris\u00eb, apo gjykatat e Ram\u00ebs\u201d, \u201cEdhe Rama, n\u00eb burg si Mcgonigal\u201d, \u201cNa ktheni at\u00eb q\u00eb \u00ebsht\u00eb e jona!\u201c, jan\u00eb disa nga mesazhet q\u00eb kan\u00eb zgjedhur opozitar\u00ebt sot, n\u00eb shqip dhe anglisht, n\u00eb kuad\u00ebr t\u00eb protest\u00ebs s\u00eb tyre q\u00eb vijon prej disa koh\u00ebsh.<\/p>\n<p>Deputet\u00ebt e opozit\u00ebs kan\u00eb ndryshuar edhe strategjin\u00eb e bllokimit t\u00eb seancave. Ata jan\u00eb rreshtuar n\u00eb foltore me pankarta n\u00eb duar, nd\u00ebrsa nuk kan\u00eb mbledhur karrige pirg.<\/p>\n<p>Pas nisjes s\u00eb seanc\u00ebs,\u00a0deputet\u00ebt e opozit\u00ebs po ashtu ndez\u00ebn zhurmueset dhe k\u00ebrkojn\u00eb q\u00eb t\u00eb largohet garda.<\/p>\n<p>N\u00eb krahun tjet\u00ebr, kryeparlamentarja ka nisur me miratimin e \u00e7\u00ebshtjeve t\u00eb dit\u00ebs.<\/p>\n<p>Deputet\u00ebt e opozit\u00ebs refuzojn\u00eb t\u00eb ulen n\u00eb vendet e tyre, duke k\u00ebrkuar po ashtu vendet e tyre n\u00eb komisionin e Reform\u00ebs Zgjedhore.<\/p>\n<p><img loading=\"lazy\" decoding=\"async\" class=\"alignnone size-medium wp-image-69626\" src=\"https:\/\/rdnews.al\/wp-content\/uploads\/2024\/01\/parl-300x169.jpg\" alt=\"\" width=\"300\" height=\"169\" srcset=\"https:\/\/rdnews.al\/wp-content\/uploads\/2024\/01\/parl-300x169.jpg 300w, https:\/\/rdnews.al\/wp-content\/uploads\/2024\/01\/parl-1024x575.jpg 1024w, https:\/\/rdnews.al\/wp-content\/uploads\/2024\/01\/parl-768x431.jpg 768w, https:\/\/rdnews.al\/wp-content\/uploads\/2024\/01\/parl.jpg 1280w\" sizes=\"auto, (max-width: 300px) 100vw, 300px\" \/><\/p>\n<p><img loading=\"lazy\" decoding=\"async\" class=\"alignnone size-medium wp-image-69630\" src=\"https:\/\/rdnews.al\/wp-content\/uploads\/2024\/01\/w-3-300x169.jpg\" alt=\"\" width=\"300\" height=\"169\" srcset=\"https:\/\/rdnews.al\/wp-content\/uploads\/2024\/01\/w-3-300x169.jpg 300w, https:\/\/rdnews.al\/wp-content\/uploads\/2024\/01\/w-3-1024x575.jpg 1024w, https:\/\/rdnews.al\/wp-content\/uploads\/2024\/01\/w-3-768x431.jpg 768w, https:\/\/rdnews.al\/wp-content\/uploads\/2024\/01\/w-3.jpg 1280w\" sizes=\"auto, (max-width: 300px) 100vw, 300px\" \/><\/p>\n","protected":false},"excerpt":{"rendered":"<p>Deputet\u00ebt e opozit\u00ebs kan\u00eb shkuar sot n\u00eb Kuvend me pankarta, me mesazhe kund\u00ebr qeveris\u00eb. \u201cNa duhet qeveri, jo kartel\u201d, \u201cVras\u00ebs i pluralizmit\u201d, \u201cGjykatat e Shqip\u00ebris\u00eb, apo gjykatat e Ram\u00ebs\u201d, \u201cEdhe Rama, n\u00eb burg si Mcgonigal\u201d, \u201cNa ktheni at\u00eb q\u00eb \u00ebsht\u00eb e jona!\u201c, jan\u00eb disa nga mesazhet q\u00eb kan\u00eb zgjedhur opozitar\u00ebt sot, n\u00eb shqip dhe anglisht, &hellip;<\/p>\n","protected":false},"author":4,"featured_media":69627,"comment_status":"closed","ping_status":"closed","sticky":false,"template":"","format":"standard","meta":{"footnotes":""},"categories":[37],"tags":[],"class_list":["post-69629","post","type-post","status-publish","format-standard","has-post-thumbnail","","category-politike"],"_links":{"self":[{"href":"https:\/\/rdnews.al\/index.php\/wp-json\/wp\/v2\/posts\/69629","targetHints":{"allow":["GET"]}}],"collection":[{"href":"https:\/\/rdnews.al\/index.php\/wp-json\/wp\/v2\/posts"}],"about":[{"href":"https:\/\/rdnews.al\/index.php\/wp-json\/wp\/v2\/types\/post"}],"author":[{"embeddable":true,"href":"https:\/\/rdnews.al\/index.php\/wp-json\/wp\/v2\/users\/4"}],"replies":[{"embeddable":true,"href":"https:\/\/rdnews.al\/index.php\/wp-json\/wp\/v2\/comments?post=69629"}],"version-history":[{"count":0,"href":"https:\/\/rdnews.al\/index.php\/wp-json\/wp\/v2\/posts\/69629\/revisions"}],"wp:featuredmedia":[{"embeddable":true,"href":"https:\/\/rdnews.al\/index.php\/wp-json\/wp\/v2\/media\/69627"}],"wp:attachment":[{"href":"https:\/\/rdnews.al\/index.php\/wp-json\/wp\/v2\/media?parent=69629"}],"wp:term":[{"taxonomy":"category","embeddable":true,"href":"https:\/\/rdnews.al\/index.php\/wp-json\/wp\/v2\/categories?post=69629"},{"taxonomy":"post_tag","embeddable":true,"href":"https:\/\/rdnews.al\/index.php\/wp-json\/wp\/v2\/tags?post=69629"}],"curies":[{"name":"wp","href":"https:\/\/api.w.org\/{rel}","templated":true}]}}