{"id":69769,"date":"2024-01-26T09:34:21","date_gmt":"2024-01-26T09:34:21","guid":{"rendered":"https:\/\/rdnews.al\/?p=69769"},"modified":"2024-01-26T09:34:21","modified_gmt":"2024-01-26T09:34:21","slug":"deshton-mbledhja-e-gjiknurit-salianji-ky-eshte-regjimi-qe-kemi","status":"publish","type":"post","link":"https:\/\/rdnews.al\/index.php\/2024\/01\/26\/deshton-mbledhja-e-gjiknurit-salianji-ky-eshte-regjimi-qe-kemi\/","title":{"rendered":"D\u00ebshton mbledhja e Gjiknurit, Salianji: Ky \u00ebsht\u00eb regjimi q\u00eb kemi!"},"content":{"rendered":"<p>Deputeti Ervin Salianji, ka folur p\u00ebr mediat pas d\u00ebshtimit t\u00eb mbledhjes s\u00eb Komisionit t\u00eb Reform\u00ebs Zgjedhore.<\/p>\n<p>Salianji, e quajti mbledhjen nj\u00eb teat\u00ebr nd\u00ebrsa tha mazhoranca ka dy vite q\u00eb bllokon mbledhjen, e sipas tij, ata e than\u00eb qart\u00eb se si do e b\u00ebj\u00eb Reform\u00ebn Zgjedhore, dhe \u201cq\u00eb do p\u00ebrpiqen t\u00eb blejn\u00eb vota p\u00ebr t\u00eb b\u00ebr\u00eb zgjedhje kushtetuese\u201d.<\/p>\n<p>\u201cKjo \u00ebsht\u00eb tallja q\u00eb b\u00ebhet me qytetar\u00ebt\u201d,\u00a0tha Salianji, nd\u00ebrsa shtoi m\u00eb tej se ky \u00ebsht\u00eb regjimi q\u00eb kemi.<\/p>\n<p>\u201cE pat\u00eb edhe sot nj\u00eb teat\u00ebr tjet\u00ebr i p\u00ebshtir\u00eb i p\u00ebrfaq\u00ebsuesve t\u00eb mazhoranc\u00ebs, pavar\u00ebsisht se 7 deputet\u00ebt q\u00eb kan\u00eb marr\u00eb me dhun\u00eb p\u00ebrfaq\u00ebsimin n\u00eb komisionin e Reform\u00ebs Zgjedhore sot bojkotuan mbledhjen si\u00e7 kan\u00eb b\u00ebr\u00eb p\u00ebr 2 vite me radh\u00eb. Kjo \u00ebsht\u00eb tallja dhe pengmarrja q\u00eb u kan\u00eb b\u00ebr\u00eb p\u00ebrfaq\u00ebsuesve q\u00eb kan\u00eb dal\u00eb me vota t\u00eb PD-s\u00eb\u201d, u shpreh Salianji.<\/p>\n","protected":false},"excerpt":{"rendered":"<p>Deputeti Ervin Salianji, ka folur p\u00ebr mediat pas d\u00ebshtimit t\u00eb mbledhjes s\u00eb Komisionit t\u00eb Reform\u00ebs Zgjedhore. Salianji, e quajti mbledhjen nj\u00eb teat\u00ebr nd\u00ebrsa tha mazhoranca ka dy vite q\u00eb bllokon mbledhjen, e sipas tij, ata e than\u00eb qart\u00eb se si do e b\u00ebj\u00eb Reform\u00ebn Zgjedhore, dhe \u201cq\u00eb do p\u00ebrpiqen t\u00eb blejn\u00eb vota p\u00ebr t\u00eb b\u00ebr\u00eb &hellip;<\/p>\n","protected":false},"author":4,"featured_media":69770,"comment_status":"closed","ping_status":"closed","sticky":false,"template":"","format":"standard","meta":{"footnotes":""},"categories":[37],"tags":[],"class_list":["post-69769","post","type-post","status-publish","format-standard","has-post-thumbnail","","category-politike"],"_links":{"self":[{"href":"https:\/\/rdnews.al\/index.php\/wp-json\/wp\/v2\/posts\/69769","targetHints":{"allow":["GET"]}}],"collection":[{"href":"https:\/\/rdnews.al\/index.php\/wp-json\/wp\/v2\/posts"}],"about":[{"href":"https:\/\/rdnews.al\/index.php\/wp-json\/wp\/v2\/types\/post"}],"author":[{"embeddable":true,"href":"https:\/\/rdnews.al\/index.php\/wp-json\/wp\/v2\/users\/4"}],"replies":[{"embeddable":true,"href":"https:\/\/rdnews.al\/index.php\/wp-json\/wp\/v2\/comments?post=69769"}],"version-history":[{"count":0,"href":"https:\/\/rdnews.al\/index.php\/wp-json\/wp\/v2\/posts\/69769\/revisions"}],"wp:featuredmedia":[{"embeddable":true,"href":"https:\/\/rdnews.al\/index.php\/wp-json\/wp\/v2\/media\/69770"}],"wp:attachment":[{"href":"https:\/\/rdnews.al\/index.php\/wp-json\/wp\/v2\/media?parent=69769"}],"wp:term":[{"taxonomy":"category","embeddable":true,"href":"https:\/\/rdnews.al\/index.php\/wp-json\/wp\/v2\/categories?post=69769"},{"taxonomy":"post_tag","embeddable":true,"href":"https:\/\/rdnews.al\/index.php\/wp-json\/wp\/v2\/tags?post=69769"}],"curies":[{"name":"wp","href":"https:\/\/api.w.org\/{rel}","templated":true}]}}