{"id":69810,"date":"2024-01-26T11:23:30","date_gmt":"2024-01-26T11:23:30","guid":{"rendered":"https:\/\/rdnews.al\/?p=69810"},"modified":"2024-01-26T11:23:30","modified_gmt":"2024-01-26T11:23:30","slug":"spak-mesyn-ne-bashkine-e-tiranes","status":"publish","type":"post","link":"https:\/\/rdnews.al\/index.php\/2024\/01\/26\/spak-mesyn-ne-bashkine-e-tiranes\/","title":{"rendered":"SPAK m\u00ebsyn n\u00eb Bashkin\u00eb e Tiran\u00ebs?"},"content":{"rendered":"<p>Nj\u00eb grup oficer\u00ebsh t\u00eb Byros\u00eb Komb\u00ebtare t\u00eb Hetimit, pas nj\u00eb urdhri t\u00eb SPAK-ut, kan\u00eb m\u00ebsyr\u00eb m\u00ebngjesin e sot\u00ebm n\u00eb Bashkin\u00eb e Tiran\u00ebs.<\/p>\n<p>M\u00ebsohet se q\u00eb n\u00eb or\u00ebt e para t\u00eb m\u00ebngjesit, oficer\u00ebt e BKH-s\u00eb, me urdh\u00ebr t\u00eb prokuror\u00ebve t\u00eb SPAK-ut dhe me nj\u00eb miratim nga Gjykata p\u00ebr Krimin e Korrupsionin, kan\u00eb shkuar te zyrat e Bashkis\u00eb s\u00eb Tiran\u00ebs, pik\u00ebrisht te Drejtoria e Sh\u00ebrbimeve Mb\u00ebshtet\u00ebse, e cila ka pasur n\u00eb krye t\u00eb saj, Taulant Tushen.<\/p>\n<p>CNA TV ka m\u00ebsuar se sot oficert\u00ebt e BKH-s\u00eb kan\u00eb ushtruar kontrolle, jo thjesht dhe vet\u00ebm n\u00eb lidhje me \u00e7\u00ebshtjen e inceneratorit t\u00eb Tiran\u00ebs, i cili duhet theksuar se nuk ekziston, jan\u00eb disa \u00e7\u00ebshtje n\u00eb hetim.<\/p>\n<p>Sipas burimeve t\u00eb CNA TV, kontrolli i b\u00ebr\u00eb nga oficer\u00ebt e BKH-s\u00eb n\u00eb zyrat e drejtoris\u00eb s\u00eb Taulant Tushes, jo thjesht dhe vet\u00ebm n\u00eb zyr\u00ebn e drejtorit, por n\u00eb drejtori, n\u00eb t\u00eb gjith\u00eb sektor\u00ebt e k\u00ebsaj drejtorie, asaj t\u00eb Sh\u00ebrbimeve Mb\u00ebshtet\u00ebse, ku \u00ebsht\u00eb k\u00ebrkuar dokumentacion dhe mbledhje e plot\u00eb e t\u00eb dh\u00ebnave n\u00eb lidhje edhe me nj\u00eb kall\u00ebzim tjet\u00ebr, at\u00eb t\u00eb dosjes \u201c5D\u201d, kryer pak muaj m\u00eb par\u00eb n\u00eb SPAK nga ish-deputeti Belind K\u00eblli\u00e7i.<\/p>\n<p>Sipas burimeve zyrtare, rezulton se oficer\u00ebt e BKH-s\u00eb kan\u00eb marr\u00eb mjaft dokumente q\u00eb konsiderohen shum\u00eb t\u00eb r\u00ebnd\u00ebsishme p\u00ebr hetimin n\u00eb lidhje me \u00e7\u00ebshtjen e tender\u00ebve apo problematikat p\u00ebr t\u00eb cilat akuzohen disa zyrtar\u00eb t\u00eb Bashkis\u00eb Tiran\u00eb, p\u00ebrfshir\u00eb k\u00ebtu edhe kryebashkiakun Erion Veliaj.\/CNA<\/p>\n","protected":false},"excerpt":{"rendered":"<p>Nj\u00eb grup oficer\u00ebsh t\u00eb Byros\u00eb Komb\u00ebtare t\u00eb Hetimit, pas nj\u00eb urdhri t\u00eb SPAK-ut, kan\u00eb m\u00ebsyr\u00eb m\u00ebngjesin e sot\u00ebm n\u00eb Bashkin\u00eb e Tiran\u00ebs. M\u00ebsohet se q\u00eb n\u00eb or\u00ebt e para t\u00eb m\u00ebngjesit, oficer\u00ebt e BKH-s\u00eb, me urdh\u00ebr t\u00eb prokuror\u00ebve t\u00eb SPAK-ut dhe me nj\u00eb miratim nga Gjykata p\u00ebr Krimin e Korrupsionin, kan\u00eb shkuar te zyrat e &hellip;<\/p>\n","protected":false},"author":3,"featured_media":0,"comment_status":"closed","ping_status":"closed","sticky":false,"template":"","format":"standard","meta":{"footnotes":""},"categories":[37],"tags":[],"class_list":["post-69810","post","type-post","status-publish","format-standard","","category-politike"],"_links":{"self":[{"href":"https:\/\/rdnews.al\/index.php\/wp-json\/wp\/v2\/posts\/69810","targetHints":{"allow":["GET"]}}],"collection":[{"href":"https:\/\/rdnews.al\/index.php\/wp-json\/wp\/v2\/posts"}],"about":[{"href":"https:\/\/rdnews.al\/index.php\/wp-json\/wp\/v2\/types\/post"}],"author":[{"embeddable":true,"href":"https:\/\/rdnews.al\/index.php\/wp-json\/wp\/v2\/users\/3"}],"replies":[{"embeddable":true,"href":"https:\/\/rdnews.al\/index.php\/wp-json\/wp\/v2\/comments?post=69810"}],"version-history":[{"count":0,"href":"https:\/\/rdnews.al\/index.php\/wp-json\/wp\/v2\/posts\/69810\/revisions"}],"wp:attachment":[{"href":"https:\/\/rdnews.al\/index.php\/wp-json\/wp\/v2\/media?parent=69810"}],"wp:term":[{"taxonomy":"category","embeddable":true,"href":"https:\/\/rdnews.al\/index.php\/wp-json\/wp\/v2\/categories?post=69810"},{"taxonomy":"post_tag","embeddable":true,"href":"https:\/\/rdnews.al\/index.php\/wp-json\/wp\/v2\/tags?post=69810"}],"curies":[{"name":"wp","href":"https:\/\/api.w.org\/{rel}","templated":true}]}}