{"id":69813,"date":"2024-01-26T11:27:55","date_gmt":"2024-01-26T11:27:55","guid":{"rendered":"https:\/\/rdnews.al\/?p=69813"},"modified":"2024-01-26T11:27:55","modified_gmt":"2024-01-26T11:27:55","slug":"i-shumkerkuari-nga-spak-per-inceneratorin-inekzistent","status":"publish","type":"post","link":"https:\/\/rdnews.al\/index.php\/2024\/01\/26\/i-shumkerkuari-nga-spak-per-inceneratorin-inekzistent\/","title":{"rendered":"I shumk\u00ebrkuari nga SPAK p\u00ebr inceneratorin inekzistent!"},"content":{"rendered":"<p>Drejtori i Monitorimit dhe Mbikqyrjes n\u00eb Agjencin\u00eb Komb\u00ebtare Uj\u00ebsjell\u00ebs Kanalizime dhe Mbetjeve te Ngurta n\u00eb Tiran\u00eb Arben Kacorri \u00ebsht\u00eb marr\u00eb n\u00eb pyetje nga SPAK p\u00ebr afer\u00ebn e incenerator\u00ebve. Burime t\u00eb Dosja.al, b\u00ebjn\u00eb me dije se prokuror\u00eb t\u00eb SPAK dhe agjent\u00eb t\u00eb BKH-s\u00eb i kan\u00eb shkuar drejtorit t\u00eb k\u00ebtij institucioni p\u00ebr kontroll n\u00eb banes\u00ebn e tij.<\/p>\n<p>Po ashtu kontrolli i SPAK \u00ebsht\u00eb shtrir\u00eb dhe n\u00eb banes\u00ebn e tij. Por po ashtu b\u00ebhet me dije se, Kacorri nuk \u00ebsht\u00eb drejtori i vet\u00ebm n\u00eb Bashkin\u00eb Tiran\u00eb q\u00eb i \u00ebsht\u00eb b\u00ebr\u00eb kontroll n\u00eb zyr\u00eb dhe n\u00eb banes\u00eb p\u00ebr k\u00ebt\u00eb afer\u00eb.<\/p>\n<p>GJKKO ka l\u00ebshuar m\u00eb par\u00eb 15 udh\u00ebra-arresti p\u00ebr afer\u00ebn e Inceneratorit t\u00eb Tiran\u00ebs. Gjykata e Posa\u00e7me ka l\u00ebn\u00eb n\u00eb fuqi masat p\u00ebr 14 personat e hetuar nga SPAK n\u00eb lidhje me koncensionin p\u00ebr inceneratorin e Tiran\u00ebs. Masa e siguris\u00eb \u00ebsht\u00eb ndryshuar vet\u00ebm p\u00ebr Jetmir Llapajn, an\u00ebtar i Qendr\u00ebs Komb\u00ebtare t\u00eb Biznesit, i cili \u00ebsht\u00eb l\u00ebn\u00eb n\u00eb \u201carrest sht\u00ebpie\u201d. GJKKO ka l\u00ebn\u00eb n\u00eb burg 5 t\u00eb arrestuar si Taulant Tusha, Namir Simirxhiu, Bledar Karoli, Lefter Koka dhe Alqi Bllako nd\u00ebrsa n\u00eb \u2018arrest sht\u00ebpie\u2019 jan\u00eb 7 t\u00eb tjer\u00eb, konkretisht Etleva Kondi, Valbona Ballgjini, Alba Thoma, Sidita Kopliku, Silena Toma, P\u00ebllumb Abeshi dhe Jetmir Llapaj. Nd\u00ebrkaq pronar\u00ebt e koncesionarit \u201cIntegrated Energy B.V SPV\u201d Klodian Zoto e Mirel M\u00ebrtiri, jan\u00eb n\u00eb k\u00ebrkim.<\/p>\n","protected":false},"excerpt":{"rendered":"<p>Drejtori i Monitorimit dhe Mbikqyrjes n\u00eb Agjencin\u00eb Komb\u00ebtare Uj\u00ebsjell\u00ebs Kanalizime dhe Mbetjeve te Ngurta n\u00eb Tiran\u00eb Arben Kacorri \u00ebsht\u00eb marr\u00eb n\u00eb pyetje nga SPAK p\u00ebr afer\u00ebn e incenerator\u00ebve. Burime t\u00eb Dosja.al, b\u00ebjn\u00eb me dije se prokuror\u00eb t\u00eb SPAK dhe agjent\u00eb t\u00eb BKH-s\u00eb i kan\u00eb shkuar drejtorit t\u00eb k\u00ebtij institucioni p\u00ebr kontroll n\u00eb banes\u00ebn e tij. &hellip;<\/p>\n","protected":false},"author":3,"featured_media":69814,"comment_status":"closed","ping_status":"closed","sticky":false,"template":"","format":"standard","meta":{"footnotes":""},"categories":[37],"tags":[],"class_list":["post-69813","post","type-post","status-publish","format-standard","has-post-thumbnail","","category-politike"],"_links":{"self":[{"href":"https:\/\/rdnews.al\/index.php\/wp-json\/wp\/v2\/posts\/69813","targetHints":{"allow":["GET"]}}],"collection":[{"href":"https:\/\/rdnews.al\/index.php\/wp-json\/wp\/v2\/posts"}],"about":[{"href":"https:\/\/rdnews.al\/index.php\/wp-json\/wp\/v2\/types\/post"}],"author":[{"embeddable":true,"href":"https:\/\/rdnews.al\/index.php\/wp-json\/wp\/v2\/users\/3"}],"replies":[{"embeddable":true,"href":"https:\/\/rdnews.al\/index.php\/wp-json\/wp\/v2\/comments?post=69813"}],"version-history":[{"count":0,"href":"https:\/\/rdnews.al\/index.php\/wp-json\/wp\/v2\/posts\/69813\/revisions"}],"wp:featuredmedia":[{"embeddable":true,"href":"https:\/\/rdnews.al\/index.php\/wp-json\/wp\/v2\/media\/69814"}],"wp:attachment":[{"href":"https:\/\/rdnews.al\/index.php\/wp-json\/wp\/v2\/media?parent=69813"}],"wp:term":[{"taxonomy":"category","embeddable":true,"href":"https:\/\/rdnews.al\/index.php\/wp-json\/wp\/v2\/categories?post=69813"},{"taxonomy":"post_tag","embeddable":true,"href":"https:\/\/rdnews.al\/index.php\/wp-json\/wp\/v2\/tags?post=69813"}],"curies":[{"name":"wp","href":"https:\/\/api.w.org\/{rel}","templated":true}]}}