{"id":69817,"date":"2024-01-26T11:41:48","date_gmt":"2024-01-26T11:41:48","guid":{"rendered":"https:\/\/rdnews.al\/?p=69817"},"modified":"2024-01-26T11:41:48","modified_gmt":"2024-01-26T11:41:48","slug":"vasili-komisioni-i-reformes-zgjedhore-eshte-kthyer-ne-placke-tregu-ne-duart-e-rames","status":"publish","type":"post","link":"https:\/\/rdnews.al\/index.php\/2024\/01\/26\/vasili-komisioni-i-reformes-zgjedhore-eshte-kthyer-ne-placke-tregu-ne-duart-e-rames\/","title":{"rendered":"Vasili: Komisioni i Reform\u00ebs Zgjedhore \u00ebsht\u00eb kthyer n\u00eb pla\u00e7k\u00eb tregu n\u00eb duart e Ram\u00ebs!"},"content":{"rendered":"<p>Deputeti i Partis\u00eb s\u00eb Liris\u00eb, Petrit Vasili ka reaguar n\u00eb lidhje me bllokimin e pun\u00ebs s\u00eb Komisionit t\u00eb Reform\u00ebs Zgjedhore, nd\u00ebrkoh\u00eb q\u00eb mbledhja e radh\u00ebs pritet t\u00eb mbahet online n\u00eb or\u00ebn 12:00.<\/p>\n<p>N\u00eb nj\u00eb deklarat\u00eb p\u00ebr mediat nga Kryesia e Kuvendit, Vasili tha se opozita \u00ebsht\u00eb e pal\u00ebkundur n\u00eb misionin e saj, deri n\u00eb momentin q\u00eb do t\u00eb zbatohet k\u00ebrkesa e b\u00ebr\u00eb nga 47 deputet\u00eb p\u00ebr rip\u00ebrb\u00ebrjen e komisionit.<\/p>\n<p>\u201cKomisioni i vrimave dhe bodrumeve \u00ebsht\u00eb ilegjitim pasi \u00ebsht\u00eb kthyer n\u00eb plack\u00eb tregu n\u00eb duart e Ram\u00ebs, p\u00ebr ta bler\u00eb dhe shitur si i intereson atij<\/p>\n<p>Opozita mbetet e pal\u00ebkundur nga vendimi i saj. Ky dokument i firmosur nga 47 deputet\u00eb t\u00eb opozit\u00ebs, ka k\u00ebrkuar ndryshimet n\u00eb p\u00ebrb\u00ebrjen e komisionit.<\/p>\n<p>Damian Gjiknuri q\u00eb \u00ebsht\u00eb bashk\u00ebdrejtues, n\u00eb vitin 2019 u b\u00eb n\u00eb at\u00eb bashk\u00ebkryetar duke z\u00ebvend\u00ebsuar \u00c7u\u00e7in, pse mohohet se e nj\u00ebjta e drejt\u00eb ndaj opozit\u00ebs.<\/p>\n<p>Nj\u00eb nga elementet themelor\u00eb \u00ebsht\u00eb q\u00eb ky komision i mazhoranc\u00ebs, i shit-bler, komision q\u00eb nuk ka opozit\u00eb brenda, ka pasur tmerr t\u00eb diskutoj\u00eb masakrat e 2021 dhe ato t\u00eb 14 majit.<\/p>\n","protected":false},"excerpt":{"rendered":"<p>Deputeti i Partis\u00eb s\u00eb Liris\u00eb, Petrit Vasili ka reaguar n\u00eb lidhje me bllokimin e pun\u00ebs s\u00eb Komisionit t\u00eb Reform\u00ebs Zgjedhore, nd\u00ebrkoh\u00eb q\u00eb mbledhja e radh\u00ebs pritet t\u00eb mbahet online n\u00eb or\u00ebn 12:00. N\u00eb nj\u00eb deklarat\u00eb p\u00ebr mediat nga Kryesia e Kuvendit, Vasili tha se opozita \u00ebsht\u00eb e pal\u00ebkundur n\u00eb misionin e saj, deri n\u00eb momentin &hellip;<\/p>\n","protected":false},"author":4,"featured_media":69818,"comment_status":"closed","ping_status":"closed","sticky":false,"template":"","format":"standard","meta":{"footnotes":""},"categories":[37],"tags":[],"class_list":["post-69817","post","type-post","status-publish","format-standard","has-post-thumbnail","","category-politike"],"_links":{"self":[{"href":"https:\/\/rdnews.al\/index.php\/wp-json\/wp\/v2\/posts\/69817","targetHints":{"allow":["GET"]}}],"collection":[{"href":"https:\/\/rdnews.al\/index.php\/wp-json\/wp\/v2\/posts"}],"about":[{"href":"https:\/\/rdnews.al\/index.php\/wp-json\/wp\/v2\/types\/post"}],"author":[{"embeddable":true,"href":"https:\/\/rdnews.al\/index.php\/wp-json\/wp\/v2\/users\/4"}],"replies":[{"embeddable":true,"href":"https:\/\/rdnews.al\/index.php\/wp-json\/wp\/v2\/comments?post=69817"}],"version-history":[{"count":0,"href":"https:\/\/rdnews.al\/index.php\/wp-json\/wp\/v2\/posts\/69817\/revisions"}],"wp:featuredmedia":[{"embeddable":true,"href":"https:\/\/rdnews.al\/index.php\/wp-json\/wp\/v2\/media\/69818"}],"wp:attachment":[{"href":"https:\/\/rdnews.al\/index.php\/wp-json\/wp\/v2\/media?parent=69817"}],"wp:term":[{"taxonomy":"category","embeddable":true,"href":"https:\/\/rdnews.al\/index.php\/wp-json\/wp\/v2\/categories?post=69817"},{"taxonomy":"post_tag","embeddable":true,"href":"https:\/\/rdnews.al\/index.php\/wp-json\/wp\/v2\/tags?post=69817"}],"curies":[{"name":"wp","href":"https:\/\/api.w.org\/{rel}","templated":true}]}}