{"id":69826,"date":"2024-01-26T17:26:28","date_gmt":"2024-01-26T17:26:28","guid":{"rendered":"https:\/\/rdnews.al\/?p=69826"},"modified":"2024-01-26T17:26:28","modified_gmt":"2024-01-26T17:26:28","slug":"salianji-propozon-amendamentin-per-amnistine-te-perjashtohen-nga-kjo-e-drejte-shtetasit-qe-jane-zgjedhur-si-deputete","status":"publish","type":"post","link":"https:\/\/rdnews.al\/index.php\/2024\/01\/26\/salianji-propozon-amendamentin-per-amnistine-te-perjashtohen-nga-kjo-e-drejte-shtetasit-qe-jane-zgjedhur-si-deputete\/","title":{"rendered":"Salianji propozon amendamentin p\u00ebr amnistin\u00eb: T\u00eb p\u00ebrjashtohen nga kjo e drejt\u00eb shtetasit q\u00eb jan\u00eb zgjedhur si deputet\u00eb"},"content":{"rendered":"<p>\u00cbsht\u00eb b\u00ebr\u00eb sebep q\u00eb PS t\u00eb keqp\u00ebrdor\u00eb dhe t\u00eb gjej\u00eb si sebep p\u00ebr t\u00eb penguar amnistin\u00eb p\u00ebr qytetar\u00ebt dhe padiskutim p\u00ebr ta p\u00ebrdorur politikisht. Po ju deklaroj q\u00eb n\u00eb nisje nj\u00eb amendament q\u00eb sapo e kam depozituar ku n\u00eb pik\u00ebn 3 t\u00eb nenit 5 t\u00eb riformulohet me k\u00ebt\u00eb p\u00ebrmbajtje q\u00eb: nuk p\u00ebrfitojn\u00eb nga ky nen subjektet q\u00eb p\u00ebrmbajn\u00eb detyrimin p\u00ebr t\u00eb deklaruar sipas ligjit 9049 t\u00eb vitit 2003 p\u00ebr deklarimin dhe kontrollin e pasurive. Subjekte t\u00eb posa\u00e7me, akuza penale ndaj t\u00eb cilave po gjykohen nga gjykata kund\u00ebr korrupsionit dhe krimit t\u00eb organizuar sipas p\u00ebrcaktimeve t\u00eb shkronj\u00ebs c dhe \u00e7 t\u00eb nenit 75\/a t\u00eb procedur\u00ebs penale si dhe \u00e7do deputet apo ish-deputet i zgjedhur m\u00eb par\u00eb n\u00eb kuvendin e Republik\u00ebs s\u00eb Shqip\u00ebris\u00eb q\u00eb mund t\u00eb jet\u00eb subjekt i d\u00ebnimeve apo i vuajtjes s\u00eb d\u00ebnimeve.<\/p>\n<p>Amnistia ndjek q\u00ebllimet q\u00eb lidhjen me humanizmin q\u00eb ka p\u00ebr q\u00ebllim t\u00eb leht\u00ebsoj\u00eb pozit\u00ebn e shtetaseve dhe jam i bindur se dhjet\u00ebra familje po presin.<\/p>\n<p>P\u00ebrmes k\u00ebtij amendimi dua dhe synoj t\u00eb p\u00ebrjashtohet kjo e drejt\u00eb p\u00ebr shtetasit q\u00eb jan\u00eb aktualisht deputet\u00eb t\u00eb zgjedhur, kjo q\u00eb amnistia t\u00eb mos shfryt\u00ebzohet. P\u00ebr \u00e7do njeri q\u00eb ka ngren\u00eb sallat\u00eb kot k\u00ebto koh\u00eb duke menduar q\u00eb ka pasur ndonj\u00eb amendimin p\u00ebr t\u00eb p\u00ebrfituar n\u00eb m\u00ebnyr\u00eb t\u00eb drejtp\u00ebrdrejt\u00eb edhe p\u00ebr nj\u00eb \u00e7\u00ebshtje 600 e kusur procedime penale n\u00eb p\u00ebrballjen 30 vje\u00e7are q\u00eb kan\u00eb patur me qeverin\u00eb, po i them q\u00eb sapo e kam depozituar vet q\u00eb nuk p\u00ebrfshihen.<\/p>\n<p>Un\u00eb nuk hyj tek ata q\u00eb cenojn\u00eb dinjitetin, nuk b\u00ebj asnj\u00eb kompromis me asnj\u00eb nga akuzat, bandit, kriminel mafioz q\u00eb \u00ebsht\u00eb p\u00ebrfshir\u00eb n\u00eb trafik droge dhe q\u00eb e kam denoncuar n\u00eb t\u00eb kaluar\u00ebn. Jam i vetmi politikan q\u00eb gjykohem n\u00eb gjykat\u00eb p\u00ebr shkak t\u00eb nj\u00eb denoncimi n\u00eb interes t\u00eb sh\u00ebrbimit publik. Nuk kam asnj\u00eb akuz\u00eb q\u00eb projektligji i depozituar p\u00ebrmendte. P\u00ebr t\u00eb hequr \u00e7dolloj keqkuptimi, apo prepotence nga PS dhe qeveria q\u00eb gjith\u00e7ka q\u00eb ka t\u00eb b\u00ebj\u00eb me interesat e publikut apo edhe nj\u00eb projektligj q\u00eb prek interesat e dhjet\u00ebra familjeve dhe q\u00eb \u00ebsht\u00eb i detyruar dhe t\u2019i k\u00ebrkoj\u00eb opozit\u00ebs p\u00ebr bashk\u00ebpunim, e shet si form\u00eb negociate. K\u00ebshtu q\u00eb me k\u00ebt\u00eb propozim kam menduar q\u00eb e ndaloj k\u00ebt\u00eb situat\u00eb, e qart\u00ebsoj p\u00ebr publikun.<\/p>\n<p>Padiskutim q\u00eb ne kemi interes thelb\u00ebsor q\u00eb qytetar\u00ebt dhe mij\u00ebra familje q\u00eb jan\u00eb d\u00ebnuar n\u00eb m\u00ebnyr\u00eb t\u00eb padrejt\u00eb t\u00eb p\u00ebrfitojn\u00eb, por ne nuk jemi t\u00eb prirur t\u00eb votojm\u00eb amnistin\u00eb e oligark\u00ebve q\u00eb nd\u00ebrtojn\u00eb mes Tiran\u00ebs si ai Arlis sh.p.k., q\u00eb pavar\u00ebsisht q\u00eb nd\u00ebrton 5 kate mu n\u00eb mes t\u00eb sheshit Sk\u00ebnderbej, jo vet\u00ebm q\u00eb \u00ebsht\u00eb n\u00eb ndjekje penale, jo vet\u00ebm q\u00eb nuk i hyn gjemb n\u00eb k\u00ebmb\u00eb p\u00ebr t\u2019u prekur nga ligji por nd\u00ebrkoh\u00eb tani edhe t\u00eb amnistohet leht\u00ebsisht, nd\u00ebrkoh\u00eb q\u00eb mij\u00ebra qytetar\u00eb vuajn\u00eb sot n\u00eb burgje se kan\u00eb nd\u00ebrtuar avlli, mure, \u00e7ati. Apo oligrk\u00eb tjer\u00eb q\u00eb kan\u00eb marr\u00eb qindra e mij\u00ebra euro si Salillari p\u00ebrshembull, apo dhjet\u00ebra kompani t\u00eb tjera t\u00eb cilat kan\u00eb nd\u00ebrtuar ligjin dhe ne t\u2019i japim amnisti tani se i duhet k\u00ebtyre t\u00eb PS.<\/p>\n<p>Pavar\u00ebsisht do ta rikthesoj q\u00eb \u00ebsht\u00eb e domosdoshme q\u00eb mij\u00ebra familje t\u00eb p\u00ebrfitojn\u00eb, po kjo nuk \u00ebsht\u00eb rruga se si depozitohet apo se si shkon situata kur duhet 84 vota. Nuk ka nj\u00eb negociat\u00eb, \u00ebsht\u00eb fjal\u00eb e keqp\u00ebrdorur n\u00eb k\u00ebt\u00eb vend, por nuk ka nj\u00eb propozim q\u00eb t\u2019i ket\u00eb ardhur opozit\u00ebs p\u00ebrpara, nuk ka nj\u00eb diskutim paraprak.<\/p>\n<p>E pat\u00eb edhe sot nj\u00eb teat\u00ebr tjet\u00ebr. Nga shtat\u00eb deputet\u00ebt q\u00eb kan\u00eb marr\u00eb me dhun\u00eb bashk\u00ebkryesimin me votat e mazhoranc\u00ebs kishin konfirmuar pjes\u00ebmarrjen n\u00eb mbledhje. Edhe sot u bojkotua mbledhja si\u00e7 \u00ebsht\u00eb bojkotuar prej dy vitesh me radh\u00eb.<\/p>\n<p>Dua t\u2019ju them q\u00eb nuk ecet n\u00eb opozit\u00eb, sidomos me k\u00ebt\u00eb opozit\u00eb, padiskutim me mua jo e jo, p\u00ebrdorja e segmenteve t\u00eb drejt\u00ebsis\u00eb q\u00eb gjasme t\u00eb frik\u00ebsoj\u00eb kund\u00ebrshtar\u00ebt, nuk ecet. Po ua them drejtp\u00ebrdrejt, un\u00eb nuk e njoh frik\u00ebn.<\/p>\n<p>Kam 10 vite q\u00eb b\u00ebj betej\u00eb pubike duke i sh\u00ebrbyer interesit publik dhe vazhdoj pavar\u00ebsisht \u00e7dolloj kostoje q\u00eb mund t\u00eb ket\u00eb dhe q\u00eb padiskutim \u00e7do vendim gjyq\u00ebsor, \u00e7do procedim, \u00e7do kall\u00ebzim deri m\u00eb sot t\u00eb fituar apo q\u00eb kam n\u00eb proces jan\u00eb medalje q\u00eb i kam var n\u00eb mur dhe do t\u2019i b\u00ebj edhe publike n\u00eb nj\u00eb moment t\u00eb caktuar p\u00ebr t\u00eb treguar q\u00eb nuk ka gj\u00eb q\u00eb ndal nj\u00eb deputet q\u00eb ka mision interesin publik p\u00ebr t\u00eb qen\u00eb kund\u00ebr regjimit.<\/p>\n<p>Ju faleminderit shum\u00eb!<\/p>\n<p><img loading=\"lazy\" decoding=\"async\" class=\"alignnone size-medium wp-image-69828\" src=\"https:\/\/rdnews.al\/wp-content\/uploads\/2024\/01\/1-4-225x300.jpeg\" alt=\"\" width=\"225\" height=\"300\" srcset=\"https:\/\/rdnews.al\/wp-content\/uploads\/2024\/01\/1-4-225x300.jpeg 225w, https:\/\/rdnews.al\/wp-content\/uploads\/2024\/01\/1-4-768x1024.jpeg 768w, https:\/\/rdnews.al\/wp-content\/uploads\/2024\/01\/1-4.jpeg 1152w\" sizes=\"auto, (max-width: 225px) 100vw, 225px\" \/><\/p>\n","protected":false},"excerpt":{"rendered":"<p>\u00cbsht\u00eb b\u00ebr\u00eb sebep q\u00eb PS t\u00eb keqp\u00ebrdor\u00eb dhe t\u00eb gjej\u00eb si sebep p\u00ebr t\u00eb penguar amnistin\u00eb p\u00ebr qytetar\u00ebt dhe padiskutim p\u00ebr ta p\u00ebrdorur politikisht. Po ju deklaroj q\u00eb n\u00eb nisje nj\u00eb amendament q\u00eb sapo e kam depozituar ku n\u00eb pik\u00ebn 3 t\u00eb nenit 5 t\u00eb riformulohet me k\u00ebt\u00eb p\u00ebrmbajtje q\u00eb: nuk p\u00ebrfitojn\u00eb nga ky nen &hellip;<\/p>\n","protected":false},"author":4,"featured_media":69827,"comment_status":"closed","ping_status":"closed","sticky":false,"template":"","format":"standard","meta":{"footnotes":""},"categories":[37],"tags":[],"class_list":["post-69826","post","type-post","status-publish","format-standard","has-post-thumbnail","","category-politike"],"_links":{"self":[{"href":"https:\/\/rdnews.al\/index.php\/wp-json\/wp\/v2\/posts\/69826","targetHints":{"allow":["GET"]}}],"collection":[{"href":"https:\/\/rdnews.al\/index.php\/wp-json\/wp\/v2\/posts"}],"about":[{"href":"https:\/\/rdnews.al\/index.php\/wp-json\/wp\/v2\/types\/post"}],"author":[{"embeddable":true,"href":"https:\/\/rdnews.al\/index.php\/wp-json\/wp\/v2\/users\/4"}],"replies":[{"embeddable":true,"href":"https:\/\/rdnews.al\/index.php\/wp-json\/wp\/v2\/comments?post=69826"}],"version-history":[{"count":0,"href":"https:\/\/rdnews.al\/index.php\/wp-json\/wp\/v2\/posts\/69826\/revisions"}],"wp:featuredmedia":[{"embeddable":true,"href":"https:\/\/rdnews.al\/index.php\/wp-json\/wp\/v2\/media\/69827"}],"wp:attachment":[{"href":"https:\/\/rdnews.al\/index.php\/wp-json\/wp\/v2\/media?parent=69826"}],"wp:term":[{"taxonomy":"category","embeddable":true,"href":"https:\/\/rdnews.al\/index.php\/wp-json\/wp\/v2\/categories?post=69826"},{"taxonomy":"post_tag","embeddable":true,"href":"https:\/\/rdnews.al\/index.php\/wp-json\/wp\/v2\/tags?post=69826"}],"curies":[{"name":"wp","href":"https:\/\/api.w.org\/{rel}","templated":true}]}}