{"id":69830,"date":"2024-01-26T17:35:28","date_gmt":"2024-01-26T17:35:28","guid":{"rendered":"https:\/\/rdnews.al\/?p=69830"},"modified":"2024-01-26T17:36:27","modified_gmt":"2024-01-26T17:36:27","slug":"zgjedhorja-vokshi-7x742-si-mund-te-perfaqesohet-opozita-me-matematiken-e-ali-bashes","status":"publish","type":"post","link":"https:\/\/rdnews.al\/index.php\/2024\/01\/26\/zgjedhorja-vokshi-7x742-si-mund-te-perfaqesohet-opozita-me-matematiken-e-ali-bashes\/","title":{"rendered":"Zgjedhorja, Vokshi: 7\u00d77=42, si mund t\u00eb p\u00ebrfaq\u00ebsohet opozita me matematik\u00ebn e Ali-Bash\u00ebs?!"},"content":{"rendered":"<p>Deputetja e Partis\u00eb Demokratike, Albana Vokshi e ftuar n\u00eb rubrik\u00ebn \u201cOpinion\u201d n\u00eb Ne\u00ebs24, foli p\u00ebr situat\u00ebn politike n\u00eb PD dhe zhvillimin e Komisionit t\u00eb Reform\u00ebs Zgjedhore online.<\/p>\n<p>Duke iu referuar grupit Basha, Vokshi u theksoi se t\u00eb zhvillosh mbledhje online me nj\u00eb grup deputetesh q\u00eb s\u2019ka lidhje me opozit\u00ebn, tregon se ka pozit\u00eb e jo opozit\u00eb n\u00eb p\u00ebrb\u00ebrjen e komisionit. M\u00eb tej, ajo tha se opozita e v\u00ebrtet\u00eb s\u2019mund t\u00eb lejoj\u00eb zhvillimin e nj\u00eb farse t\u00eb till\u00eb.<\/p>\n<p>\u201cNe kemi b\u00ebr\u00eb t\u00eb ditur se s\u2019do lejojm\u00eb zhvillim normal t\u00eb komisioneve, si\u00e7 \u00ebsht\u00eb dhe rasti i Reform\u00ebs Zgjedhore. T\u00eb zhvillosh mbledhje online me nj\u00eb grup deputetesh q\u00eb s\u2019ka lidhje me opozit\u00ebn, tregon se ka pozit\u00eb e jo opozit\u00eb. Opozita prej disa muajsh ka b\u00ebr\u00eb nj\u00eb k\u00ebrkes\u00eb duke arsyetuar q\u00eb komisioni ka d\u00ebshtuar. U zgjuan nga gjumi ata q\u00eb fjet\u00ebn p\u00ebr dy vjet. Basha u zgjua nga gjumi letargjik kur 47 deputet\u00eb k\u00ebrkuan ndryshimin. Si mund t\u00eb jen\u00eb 4 deputet\u00eb q\u00eb nuk e p\u00ebrfaq\u00ebson opozit\u00ebn. 7\u00d77=42 me matematik\u00ebn e Ali-Bash\u00ebs. 7 deputet\u00eb q\u00eb s\u2019jan\u00eb opozit\u00eb, por pengje jan\u00eb t\u00eb p\u00ebrfshir\u00eb me 4 deputet\u00eb. \u00c7far\u00eb matematike \u00ebsht\u00eb kjo? Matematik\u00eb e Bash\u00ebs. Ne nuk lejojm\u00eb dhe nuk kemi p\u00ebr t\u00eb lejuar nj\u00eb fars\u00eb. Ne kemi k\u00ebrkuar q\u00eb t\u00eb ndryshohet p\u00ebrb\u00ebrja se ka ende emra t\u00eb ish-koleg\u00ebve\u201d, u shpreh Vokshi.<\/p>\n","protected":false},"excerpt":{"rendered":"<p>Deputetja e Partis\u00eb Demokratike, Albana Vokshi e ftuar n\u00eb rubrik\u00ebn \u201cOpinion\u201d n\u00eb Ne\u00ebs24, foli p\u00ebr situat\u00ebn politike n\u00eb PD dhe zhvillimin e Komisionit t\u00eb Reform\u00ebs Zgjedhore online. Duke iu referuar grupit Basha, Vokshi u theksoi se t\u00eb zhvillosh mbledhje online me nj\u00eb grup deputetesh q\u00eb s\u2019ka lidhje me opozit\u00ebn, tregon se ka pozit\u00eb e jo &hellip;<\/p>\n","protected":false},"author":4,"featured_media":62677,"comment_status":"closed","ping_status":"closed","sticky":false,"template":"","format":"standard","meta":{"footnotes":""},"categories":[37],"tags":[],"class_list":["post-69830","post","type-post","status-publish","format-standard","has-post-thumbnail","","category-politike"],"_links":{"self":[{"href":"https:\/\/rdnews.al\/index.php\/wp-json\/wp\/v2\/posts\/69830","targetHints":{"allow":["GET"]}}],"collection":[{"href":"https:\/\/rdnews.al\/index.php\/wp-json\/wp\/v2\/posts"}],"about":[{"href":"https:\/\/rdnews.al\/index.php\/wp-json\/wp\/v2\/types\/post"}],"author":[{"embeddable":true,"href":"https:\/\/rdnews.al\/index.php\/wp-json\/wp\/v2\/users\/4"}],"replies":[{"embeddable":true,"href":"https:\/\/rdnews.al\/index.php\/wp-json\/wp\/v2\/comments?post=69830"}],"version-history":[{"count":0,"href":"https:\/\/rdnews.al\/index.php\/wp-json\/wp\/v2\/posts\/69830\/revisions"}],"wp:featuredmedia":[{"embeddable":true,"href":"https:\/\/rdnews.al\/index.php\/wp-json\/wp\/v2\/media\/62677"}],"wp:attachment":[{"href":"https:\/\/rdnews.al\/index.php\/wp-json\/wp\/v2\/media?parent=69830"}],"wp:term":[{"taxonomy":"category","embeddable":true,"href":"https:\/\/rdnews.al\/index.php\/wp-json\/wp\/v2\/categories?post=69830"},{"taxonomy":"post_tag","embeddable":true,"href":"https:\/\/rdnews.al\/index.php\/wp-json\/wp\/v2\/tags?post=69830"}],"curies":[{"name":"wp","href":"https:\/\/api.w.org\/{rel}","templated":true}]}}