{"id":69850,"date":"2024-01-26T19:28:32","date_gmt":"2024-01-26T19:28:32","guid":{"rendered":"https:\/\/rdnews.al\/?p=69850"},"modified":"2024-01-26T19:28:32","modified_gmt":"2024-01-26T19:28:32","slug":"bylykbashi-pazari-rama-basha-i-vitit-2017-vazhdon-zgjedhoren-do-e-beje-me-kerperaten-2","status":"publish","type":"post","link":"https:\/\/rdnews.al\/index.php\/2024\/01\/26\/bylykbashi-pazari-rama-basha-i-vitit-2017-vazhdon-zgjedhoren-do-e-beje-me-kerperaten-2\/","title":{"rendered":"Bylykbashi: Pazari Rama-Basha i vitit 2017 vazhdon, Zgjedhoren do e b\u00ebj\u00eb me K\u00ebrp\u00ebrat\u00ebn 2"},"content":{"rendered":"<p>N\u00ebnkryetari i Partis\u00eb Demokratike, Oerd Bylykbashi ishte i ftuari n\u00eb SYRI TV, ku foli p\u00ebr situat\u00ebn e krijuar sot n\u00eb komisionin e reform\u00ebs zgjedhore. Bylykbashi tha se Edi Rama k\u00ebrkon t\u00eb b\u00ebj\u00eb reform\u00ebn zgjedhore me at\u00eb q\u00eb e quajti K\u00ebrp\u00ebrata 2.0, por q\u00eb tani ka fytyr\u00ebn e Lulzim Bash\u00ebs.<\/p>\n<p>\u201cPraktikisht Edi Rama po z\u00ebvend\u00ebson opozit\u00ebn me opozit\u00ebn q\u00eb ka zjedhur ai. Dhe ky \u00ebsht\u00eb rasti i fundit. E ka b\u00ebr\u00eb k\u00ebt\u00eb me PD-n\u00eb dhe i jep vul\u00ebn me gjykat\u00ebn, nd\u00ebrkoh\u00eb q\u00eb gjykata ia ka hequr, i thot\u00eb KQZ-s\u00eb nxirr nj\u00eb shkres\u00eb tjet\u00ebr. Gjykata e Lart\u00eb ia ka hequr tagrin ligjor. Vendimi i Apelit \u00ebsht\u00eb shfuqizuar dhe \u00ebsht\u00eb n\u00eb fuqi vendimi i Shkall\u00ebs s\u00eb Par\u00eb q\u00eb njeh 11 dhjetorin. Pra, Lulzim Basha thot\u00eb se vula e PD \u00ebsht\u00eb e imja se ma jep Edi Rama, kryesimi i grupit parlamentar \u00ebsht\u00eb i imi se ma jep Edi Rama, edhe komisioni i reform\u00ebs zgjedhore \u00ebsht\u00eb i imi, se ma jep Edi Rama.<\/p>\n<p>Pra, pa Edi Ram\u00ebn ai nuk \u00ebsht\u00eb askushi. \u00cbsht\u00eb nj\u00eb fraksion i vog\u00ebl i deputet\u00ebve t\u00eb PD dhe t\u00eb opozit\u00ebs. Pra jan\u00eb vet\u00ebm 11 nga 62 deputet\u00eb t\u00eb opozit\u00ebs. Dhe Edi Rama po shes\u00eb me vullnetin e plot\u00eb t\u00eb Lulzim Bash\u00ebs q\u00eb po b\u00ebn nj\u00eb reform\u00eb konsensuale me nj\u00eb opozit\u00eb q\u00eb p\u00ebrfaq\u00ebsohet nga 11 deputet\u00eb. Nd\u00ebrkoh\u00eb q\u00eb 47 deputet\u00eb t\u00eb opozit\u00ebs kan\u00eb firmosur nj\u00eb k\u00ebrkes\u00eb zyrtare q\u00eb t\u00eb riformatohet gjysma q\u00eb i takon opozit\u00ebs. \u00cbsht\u00eb hera e par\u00eb n\u00eb histori q\u00eb komisioni i reform\u00ebs zgjedhore synon t\u00eb b\u00ebj\u00eb reform\u00eb virtuale dhe jo konsensuale. Rama do p\u00ebrpiqet t\u00eb shes\u00eb q\u00eb ja kjo \u00ebsht\u00eb, e b\u00ebri n\u00eb vitin 2020 me K\u00ebrp\u00ebrata 1.0, do ta b\u00ebj\u00eb n\u00eb vitin 2024 me K\u00ebrp\u00ebrata 2.0, versioni i azhurnuar me fytyr\u00ebn e Lulzim Bash\u00ebn.<\/p>\n<p>Rama e tha m\u00eb 31 dhjetor, \u00ebsht\u00eb nj\u00eb deklarat\u00eb q\u00eb nuk ka ndodhur kurr\u00eb m\u00eb para, q\u00eb do k\u00ebrkoj konsensusin numerik n\u00eb parlament. Konsensusi nuk \u00ebsht\u00eb kurr\u00eb numerik, por \u00ebsht\u00eb koncept politik. Pra \u00ebsht\u00eb dakord\u00ebsi. Nj\u00eb konsensus bipartizan do t\u00eb thot\u00eb q\u00eb mazhoranc\u00eb dhe opozit\u00eb bien dakord. Edi Rama, ndryshe nga m\u00eb par\u00eb kur kontrollonte tre t\u00eb pestat e parlamentit, tani do b\u00ebj\u00eb pazare p\u00ebr t\u00eb marr\u00eb reform\u00ebn zgjedhore. Si\u00e7 ia dha p\u00ebr vetingun q\u00eb t\u00eb zgjas\u00eb afatin e motr\u00ebs s\u00eb Ballukut apo t\u00eb tjer\u00ebve dhe duke i premtuar ndonj\u00eb gj\u00eb tjet\u00ebr. Pra, pazari i nisur n\u00eb vitin 2017, i vazhduar n\u00eb vitin 2021 dhe vazhdon sot e k\u00ebsaj dite, ka k\u00ebt\u00eb em\u00ebr. Pa \u00e7el\u00ebsin e Lulzim Bash\u00ebs, Rama nuk e b\u00ebn dot k\u00ebt\u00eb. Rama do ta b\u00ebj\u00eb k\u00ebt\u00eb sepse nuk do zgjedhje n\u00eb p\u00ebrputhje me standardet dhe Kushtetut\u00ebn\u201d, tha Bylykbashi.<\/p>\n","protected":false},"excerpt":{"rendered":"<p>N\u00ebnkryetari i Partis\u00eb Demokratike, Oerd Bylykbashi ishte i ftuari n\u00eb SYRI TV, ku foli p\u00ebr situat\u00ebn e krijuar sot n\u00eb komisionin e reform\u00ebs zgjedhore. Bylykbashi tha se Edi Rama k\u00ebrkon t\u00eb b\u00ebj\u00eb reform\u00ebn zgjedhore me at\u00eb q\u00eb e quajti K\u00ebrp\u00ebrata 2.0, por q\u00eb tani ka fytyr\u00ebn e Lulzim Bash\u00ebs. \u201cPraktikisht Edi Rama po z\u00ebvend\u00ebson opozit\u00ebn &hellip;<\/p>\n","protected":false},"author":4,"featured_media":2661,"comment_status":"closed","ping_status":"closed","sticky":false,"template":"","format":"standard","meta":{"footnotes":""},"categories":[37],"tags":[],"class_list":["post-69850","post","type-post","status-publish","format-standard","has-post-thumbnail","","category-politike"],"_links":{"self":[{"href":"https:\/\/rdnews.al\/index.php\/wp-json\/wp\/v2\/posts\/69850","targetHints":{"allow":["GET"]}}],"collection":[{"href":"https:\/\/rdnews.al\/index.php\/wp-json\/wp\/v2\/posts"}],"about":[{"href":"https:\/\/rdnews.al\/index.php\/wp-json\/wp\/v2\/types\/post"}],"author":[{"embeddable":true,"href":"https:\/\/rdnews.al\/index.php\/wp-json\/wp\/v2\/users\/4"}],"replies":[{"embeddable":true,"href":"https:\/\/rdnews.al\/index.php\/wp-json\/wp\/v2\/comments?post=69850"}],"version-history":[{"count":0,"href":"https:\/\/rdnews.al\/index.php\/wp-json\/wp\/v2\/posts\/69850\/revisions"}],"wp:featuredmedia":[{"embeddable":true,"href":"https:\/\/rdnews.al\/index.php\/wp-json\/wp\/v2\/media\/2661"}],"wp:attachment":[{"href":"https:\/\/rdnews.al\/index.php\/wp-json\/wp\/v2\/media?parent=69850"}],"wp:term":[{"taxonomy":"category","embeddable":true,"href":"https:\/\/rdnews.al\/index.php\/wp-json\/wp\/v2\/categories?post=69850"},{"taxonomy":"post_tag","embeddable":true,"href":"https:\/\/rdnews.al\/index.php\/wp-json\/wp\/v2\/tags?post=69850"}],"curies":[{"name":"wp","href":"https:\/\/api.w.org\/{rel}","templated":true}]}}