{"id":69852,"date":"2024-01-26T19:31:57","date_gmt":"2024-01-26T19:31:57","guid":{"rendered":"https:\/\/rdnews.al\/?p=69852"},"modified":"2024-01-26T19:40:32","modified_gmt":"2024-01-26T19:40:32","slug":"naim-murseli-deshmon-pse-pagoi-per-te-vrare-bashkeshorten","status":"publish","type":"post","link":"https:\/\/rdnews.al\/index.php\/2024\/01\/26\/naim-murseli-deshmon-pse-pagoi-per-te-vrare-bashkeshorten\/","title":{"rendered":"Naim Murseli d\u00ebshmon pse pagoi p\u00ebr t\u00eb vrar\u00eb bashk\u00ebshorten"},"content":{"rendered":"<p>Mediumi \u201c<a href=\"https:\/\/paparaci.com\/401239\/plani-1-vjecar-per-ekzekutimin-e-liridones-kjo-eshte-deshmia-e-plote-e-naim-murselit-ne-polici\/\" target=\"_blank\" rel=\"noopener\">Paparaci\u201d<\/a>\u00a0ka publikuar d\u00ebshmin\u00eb e Naim Murselit, t\u00eb dyshuarit p\u00ebr vrasjen e bashk\u00ebshortes s\u00eb tij, Liridona Ademajt, m\u00eb 29 n\u00ebntor t\u00eb vitit t\u00eb kaluar. D\u00ebshmia sipas k\u00ebtij mediumi, \u00ebsht\u00eb dh\u00ebn\u00eb m\u00eb 1 dhjetor para hetuesve policor\u00eb.<\/p>\n<p>Murseli raportohet se n\u00eb deklarat\u00ebn e tij ka th\u00ebn\u00eb q\u00eb n\u00eb dit\u00ebn kritike \u00ebsht\u00eb shoq\u00ebruar me Granit Plav\u00ebn, dorasin q\u00eb ai dyshohet ta ket\u00eb porositur. T\u00eb nj\u00ebjtit, ai e ka pranuar se ia ka dh\u00ebn\u00eb parat\u00eb p\u00ebr blerjen e arm\u00ebs me t\u00eb cil\u00ebn u krye vrasja.<\/p>\n<p>\u201cN\u00eb dit\u00ebn kritike un\u00eb isha ne Gjakov\u00eb p\u00ebr pune personale dhe rast\u00ebsisht jam takuar me Granitin ku Kushtrimi i ka treguar se ku do te takohemi. Ne jemi takuar n\u00eb Kramovik n\u00eb rrug\u00eb dhe ai ishte kthyer tek vendi i pun\u00ebs dhe ai ka parkuar automjetin e tij ne at\u00eb lokacion tek pompa Eko ku punonte dhe ka vazhduar me mua me vetur\u00ebn time Land Rover me targat 07-669-CM ngjyr\u00eb e zez\u00eb, ku s\u00eb bashku jemi nisur n\u00eb drejtim t\u00eb restorant Liqeni i Dukagjinit, por gjat\u00eb rrug\u00ebs goma e vetur\u00ebs mu d\u00ebmtua dhe vazhduam p\u00ebr ta gjetur nj\u00eb gomister p\u00ebr ta rregulluar gom\u00ebn, ku n\u00eb af\u00ebrsi t\u00eb Dujak\u00ebs has\u00ebm n\u00eb nj\u00eb autolarje dhe mekanik i fshatit i cili na ndihmoi p\u00ebr ta rregulluar gom\u00ebn.\u201d \u2013 citohet se ka th\u00ebn\u00eb ai.<\/p>\n<p>Tutje, ai ka treguar se bashk\u00ebshortja e tij kishte arritur n\u00eb Prishtin\u00eb, m\u00eb pas edhe ai. N\u00eb k\u00ebt\u00eb koh\u00eb, Murseli citohet t\u00eb ket\u00eb pretenduar q\u00eb Plava e kishte ndjekur me vetur\u00eb dhe i kisht\u00eb th\u00ebn\u00eb \u201cun\u00eb tash e di \u00e7ka b\u00ebj\u201d.<\/p>\n<p>\u201cPersoni i cili na ndihmoi e pyeti Granit Plava n\u00ebse \u00ebsht\u00eb i interesuar p\u00ebr arm\u00eb dhe ai i thot\u00eb \u2018po vet\u00ebm dua ta shoh fillimisht\u2019. Dhe i p\u00eblqeu, por nuk kishte para me vete dhe mi k\u00ebrkoj mua dhe un\u00eb ia dhash\u00eb 250 euro aq sa edhe ka kushtuar arma, nga aty pasi u regullua goma m\u00eb telefonon bashk\u00ebshortja dhe m\u00eb tregon se ka mb\u00ebrrit n\u00eb Prishtin\u00eb pa dijenin\u00eb time. Un\u00eb nisem n\u00eb drejtim t\u00eb Prishtin\u00ebs s\u00eb bashku me Granitin por gjat\u00eb rrug\u00ebs Graniti m\u00eb k\u00ebrkoi ta d\u00ebrgoja n\u00eb fshatin Kralan ku kishte p\u00ebr t\u00eb marr\u00eb nj\u00eb vetur\u00eb. Dhe, ndaras kemi vazhduar p\u00ebr n\u00eb Prishtin\u00eb, ku ai me ka ndjekur mbrapa deri n\u00eb af\u00ebrsi t\u00eb sht\u00ebpis\u00eb time, ku jemi barazuar me vetura dhe m\u00eb ka th\u00ebn\u00eb se un\u00eb tash e di \u00e7ka b\u00ebj.\u201d \u2013 citohet se ka th\u00ebn\u00eb ai, duke vazhduar q\u00eb \u201cs\u2019e ka besuar q\u00eb Graniti do t\u00eb marr\u00eb veprime vras\u00ebse\u201d.<\/p>\n<p>\u201cN\u00eb af\u00ebrsi t\u00eb sht\u00ebpis\u00eb, Graniti doli i maskuar n\u00eb rrug\u00eb me arm\u00eb t\u00eb drejtuar drejt nesh. Edhe pse isha ne dijeni p\u00ebr prezenc\u00ebn e tij un\u00eb asnj\u00ebher\u00eb nuk kam besuar n\u00eb t\u00eb v\u00ebrtet\u00eb se Graniti do t\u00eb marr\u00eb veprime p\u00ebr vrasje. I shokuar kam ndaluar, i kam \u00e7u duart lart dhe i kam th\u00ebn\u00eb bashk\u00ebshortes jepja krejt \u00e7far\u00eb t\u00eb k\u00ebrkon dhe n\u00eb nj\u00eb moment un\u00eb kam hapur der\u00ebn time, pastaj der\u00ebn e f\u00ebmij\u00ebve duke i th\u00ebn\u00eb edhe bashk\u00ebshortes t\u00eb largohet nga vetura. N\u00eb momentin q\u00eb jemi larguar disa metra, kam d\u00ebgjuar nj\u00eb krism\u00eb por pa e par\u00eb se \u00e7far\u00eb ndodhi\u201d.<\/p>\n<p>M\u00eb tutje, Murseli ka pretenduar se nuk ka guxuar ta tregoj\u00eb t\u00eb v\u00ebrtet\u00ebn te Policia p\u00ebr shkak t\u00eb Granit Plav\u00ebs dhe t\u00eb kaluar\u00ebs s\u00eb tij kriminale, derisa sipas d\u00ebshmis\u00eb, ka th\u00ebn\u00eb se \u201cnuk i ka dh\u00ebn\u00eb ndonj\u00eb shp\u00ebrblim\u201d.<\/p>\n<p>\u201cKam qen\u00eb n\u00eb gjendje t\u00eb r\u00ebnd\u00eb emocionale, i shokuar dhe i frik\u00ebsuar t\u00eb tregoj t\u00eb v\u00ebrtet\u00ebn duke e ditur t\u00eb kaluar\u00ebn kriminale t\u00eb Granit Plav\u00ebs, nuk kam guxuar ta zbuloj identitetin e tij. Nuk jam takuar m\u00eb pas me Granit Plav\u00ebn, nuk i kam dh\u00ebn\u00eb asnj\u00eb lloj shp\u00ebrblimi\u201d.<\/p>\n<p>Murseli ka pretenduar edhe p\u00ebr disa probleme familjare.<\/p>\n<p>\u201cNj\u00eb problem familjar ku kan\u00eb dal n\u00eb shesh disa SMS-a me nj\u00eb t\u00eb af\u00ebrt. K\u00ebta SMS-a ia kan\u00eb d\u00ebrguar bashk\u00ebshortes sime dhe kjo e ka r\u00ebnduar tej mase lidhjen ton\u00eb martesore. Pas k\u00ebsaj ngjarje, presioni dhe kontrolla ndaj meje \u00ebsht\u00eb shtuar ku un\u00eb kam k\u00ebrkuar ndarjen mir\u00ebpo kategorikisht bashk\u00ebshortja nuk ka pranuar dhe n\u00eb nj\u00eb ndej\u00eb n\u00eb Malmo t\u00eb Suedis\u00eb, bashk\u00ebshortja m\u00eb ishte hakmarr\u00eb duke m\u00eb tradhtuar me nj\u00eb person t\u00eb huaj aty. K\u00ebt\u00eb ngjarje un\u00eb e kam par\u00eb me syt\u00eb e mi mir\u00ebpo nuk ia kam shprehur n\u00eb asnj\u00eb moment. Kjo ngjarje sigurisht q\u00eb m\u00eb ka r\u00ebnduar dhe ndikuar n\u00eb raportin ton\u00eb. Un\u00eb si bashk\u00ebshort t\u00eb gjitha kushtet ia kam plot\u00ebsuar dhe kam dashur q\u00eb ajo t\u00eb jet\u00eb e lumtur\u201d \u2013 citohet se ka th\u00ebn\u00eb ai.<\/p>\n<p>Murseli ka deklaruar po ashtu se me Granit Plav\u00ebn \u00ebsht\u00eb njoftuar p\u00ebrmes Kushtrim Kokall\u00ebs, t\u00eb cilin i dyshuari p\u00ebr porositjen e vrasjes e ka djal\u00eb t\u00eb daj\u00ebs.<\/p>\n<p>&nbsp;<\/p>\n","protected":false},"excerpt":{"rendered":"<p>Mediumi \u201cPaparaci\u201d\u00a0ka publikuar d\u00ebshmin\u00eb e Naim Murselit, t\u00eb dyshuarit p\u00ebr vrasjen e bashk\u00ebshortes s\u00eb tij, Liridona Ademajt, m\u00eb 29 n\u00ebntor t\u00eb vitit t\u00eb kaluar. D\u00ebshmia sipas k\u00ebtij mediumi, \u00ebsht\u00eb dh\u00ebn\u00eb m\u00eb 1 dhjetor para hetuesve policor\u00eb. Murseli raportohet se n\u00eb deklarat\u00ebn e tij ka th\u00ebn\u00eb q\u00eb n\u00eb dit\u00ebn kritike \u00ebsht\u00eb shoq\u00ebruar me Granit Plav\u00ebn, dorasin &hellip;<\/p>\n","protected":false},"author":4,"featured_media":69853,"comment_status":"closed","ping_status":"closed","sticky":false,"template":"","format":"standard","meta":{"footnotes":""},"categories":[37],"tags":[],"class_list":["post-69852","post","type-post","status-publish","format-standard","has-post-thumbnail","","category-politike"],"_links":{"self":[{"href":"https:\/\/rdnews.al\/index.php\/wp-json\/wp\/v2\/posts\/69852","targetHints":{"allow":["GET"]}}],"collection":[{"href":"https:\/\/rdnews.al\/index.php\/wp-json\/wp\/v2\/posts"}],"about":[{"href":"https:\/\/rdnews.al\/index.php\/wp-json\/wp\/v2\/types\/post"}],"author":[{"embeddable":true,"href":"https:\/\/rdnews.al\/index.php\/wp-json\/wp\/v2\/users\/4"}],"replies":[{"embeddable":true,"href":"https:\/\/rdnews.al\/index.php\/wp-json\/wp\/v2\/comments?post=69852"}],"version-history":[{"count":0,"href":"https:\/\/rdnews.al\/index.php\/wp-json\/wp\/v2\/posts\/69852\/revisions"}],"wp:featuredmedia":[{"embeddable":true,"href":"https:\/\/rdnews.al\/index.php\/wp-json\/wp\/v2\/media\/69853"}],"wp:attachment":[{"href":"https:\/\/rdnews.al\/index.php\/wp-json\/wp\/v2\/media?parent=69852"}],"wp:term":[{"taxonomy":"category","embeddable":true,"href":"https:\/\/rdnews.al\/index.php\/wp-json\/wp\/v2\/categories?post=69852"},{"taxonomy":"post_tag","embeddable":true,"href":"https:\/\/rdnews.al\/index.php\/wp-json\/wp\/v2\/tags?post=69852"}],"curies":[{"name":"wp","href":"https:\/\/api.w.org\/{rel}","templated":true}]}}