{"id":69892,"date":"2024-01-27T17:40:13","date_gmt":"2024-01-27T17:40:13","guid":{"rendered":"https:\/\/rdnews.al\/?p=69892"},"modified":"2024-01-27T17:40:30","modified_gmt":"2024-01-27T17:40:30","slug":"luciano-boci-pd-eshte-pro-amerikane-sali-berisha-eshte-pro-amerikan-ne-te-gjithe-jemi-pro-amerikane","status":"publish","type":"post","link":"https:\/\/rdnews.al\/index.php\/2024\/01\/27\/luciano-boci-pd-eshte-pro-amerikane-sali-berisha-eshte-pro-amerikan-ne-te-gjithe-jemi-pro-amerikane\/","title":{"rendered":"Bo\u00e7i: PD \u00ebsht\u00eb pro-amerikane, Sali Berisha \u00ebsht\u00eb pro-amerikan, ne t\u00eb gjith\u00eb jemi pro-amerikan\u00eb!"},"content":{"rendered":"<p>N\u00ebnkryetari i PD, Lu\u00e7iano Bo\u00e7i, duke folur n\u00eb tubimin qytetar tek \u2018rruga e Shpres\u00ebs\u2019 \u00ebsht\u00eb shprehur se Partia Demokratike \u00ebst\u00eb pro-amerikane, se Sali Berisha \u00ebsht\u00eb pro-amerikan dhe t\u00eb gjith\u00eb demokrat\u00ebt, jan\u00eb pro-amerikan\u00eb.<\/p>\n<p><strong>Fjala e Lu\u00e7iano Bo\u00e7it<\/strong><\/p>\n<p>Edhe sot, ju nuk mungoni, mir\u00ebnjohje t\u00eb pafund p\u00ebr q\u00ebndres\u00ebn tuaj, p\u00ebr sakrific\u00ebn tuaj.<\/p>\n<p>Dikujt, kjo rrug\u00eb mund t\u2019i duket e ngusht\u00eb, e vog\u00ebl, por ajo mbart nj\u00eb shpres\u00eb dhe p\u00ebrcjell nj\u00eb shpres\u00eb m\u00eb t\u00eb madhe se \u00e7do shesh, m\u00eb t\u00eb z\u00ebshme se \u00e7do miting, m\u00eb t\u00eb fort\u00eb se \u00e7do p\u00ebrplasje.<\/p>\n<p>Dikujt tjet\u00ebr kjo rrug\u00eb mund t\u2019i duket e zakonshme si shum\u00eb rrug\u00eb t\u00eb Tiran\u00ebs, por jo miq t\u00eb dashur, kjo rrug\u00eb \u00ebsht\u00eb e jasht\u00ebzakonshme se mbledh \u00e7do nat\u00eb burra dhe gra t\u00eb jasht\u00ebzakonsh\u00ebm me kauz\u00eb t\u00eb jasht\u00ebzakonshme.<\/p>\n<p>Dhe ardhja juaj \u00ebsht\u00eb shembulli i k\u00ebsaj q\u00ebndrese t\u00eb paepur.<\/p>\n<p>N\u00eb qoft\u00eb se t\u00eb gjith\u00ebve do ju b\u00ebja nj\u00eb pyetje t\u00eb thjesht\u00eb, pse vijm\u00eb ne k\u00ebtu, ju do p\u00ebrgjigjeni: ne vijm\u00eb p\u00ebr Sali Berish\u00ebn, p\u00ebr at\u00eb q\u00eb ai p\u00ebrfaq\u00ebson, p\u00ebr at\u00eb q\u00eb ai simbolizon.<\/p>\n<p>Sepse k\u00ebtu ka burra dhe gra q\u00eb e krijuan dhe e themeluan PD-n\u00eb dhe sot un\u00eb i takoj ata t\u00eb zem\u00ebruar se banda n\u00eb pushtet k\u00ebrkon t\u00eb shkat\u00ebrroj\u00eb krijes\u00ebn e tyre, k\u00ebrkon\u00eb t\u00eb izoloj\u00eb kryetarin e partis\u00eb s\u00eb tyre.<\/p>\n<p>Dhe t\u00eb tjer\u00eb jan\u00eb ata q\u00ebndres\u00ebtar\u00ebt e vitit 1997, q\u00eb e shp\u00ebtuan PD-n\u00eb nga revanshi komunist. I takoj sot t\u00eb revoltuar p\u00ebrs\u00ebri n\u00eb mbrojtje nga revanshi i ri komunist.<\/p>\n<p>T\u00eb tjer\u00ebt jan\u00eb aktivist\u00ebt tan\u00eb, qytetar\u00eb, t\u00eb rinj, burra dhe gra, q\u00eb sot i takoj t\u00eb vendosur t\u00eb vazhdojn\u00eb luft\u00ebn e tyre p\u00ebr besimin dhe shpres\u00ebn.<\/p>\n<p>Dhe jo m\u00eb kot e b\u00ebra k\u00ebt\u00eb parashtrim historik, sepse jeta e \u00e7do njeriu \u00ebsht\u00eb historia e tij.<\/p>\n<p>Jeta jon\u00eb \u00ebsht\u00eb historia e familjes son\u00eb.<\/p>\n<p>Jeta jon\u00eb \u00ebsht\u00eb historia e PD-s\u00eb. Dhe kjo historia jon\u00eb as nuk mund t\u00eb anulohet dhe as nuk mund t\u00eb fshihet. Aq m\u00eb tep\u00ebr kur ajo \u00ebsht\u00eb historia jon\u00eb q\u00eb \u00ebsht\u00eb e bukur, e madhe dhe krenare.<\/p>\n<p>Dhe n\u00eb k\u00ebt\u00eb histori spikat nj\u00eb em\u00ebr, emri i Sali Berish\u00ebs.<\/p>\n<p>Jeta e Sali Berish\u00ebs \u00ebsht\u00eb historia e tij. Jeta e Sali Berish\u00ebs \u00ebsht\u00eb historia e familjes s\u00eb tij. Por mos harroni se jeta e Sali Berish\u00ebs \u00ebsht\u00eb historia jon\u00eb, historia e PD. Jeta e Sali Berish\u00ebs \u00ebsht\u00eb historia e demokracis\u00eb. Jeta e Sali Berish\u00ebs \u00ebsht\u00eb\u00eb historia e k\u00ebtij vendi.<\/p>\n<p>Prandaj ai burr\u00eb atje lart duhet t\u00eb nderohet dhe t\u00eb respektohet dhe jo t\u00eb arrestohet.<\/p>\n<p>Por ata q\u00eb nd\u00ebrmor\u00ebn k\u00ebt\u00eb akt, sot b\u00ebjn\u00eb rolin e t\u00eb fortit, por kan\u00eb frik\u00eb nga e v\u00ebrteta e Sali Berish\u00ebs, kan\u00eb frik\u00eb nga opozita e bashkuar, kan\u00eb frik\u00eb nga protesta juaj!<\/p>\n<p>Lufta jon\u00eb \u00ebsht\u00eb nj\u00eb luft\u00eb q\u00eb \u00ebsht\u00eb me t\u00eb drejt\u00ebn e Zotit dhe t\u00eb njeriut. \u00cbsht\u00eb nj\u00eb luft\u00eb e njer\u00ebzve t\u00eb thjesht\u00eb p\u00ebr parimet m\u00eb t\u00eb larta t\u00eb demokracis\u00eb. \u00cbsht\u00eb nj\u00eb luft\u00eb p\u00ebr lirin\u00eb, \u00ebsht\u00eb nj\u00eb luft\u00eb p\u00ebr t\u00eb drejt\u00ebn.<\/p>\n<p>Mos t\u00eb kemi iluzione, lufta jon\u00eb \u00ebsht\u00eb si n\u00eb vitet \u201990 me po at\u00eb regjim t\u00eb korruptuar majtist.<\/p>\n<p>E kam th\u00ebn\u00eb dhe e p\u00ebrs\u00ebris, p\u00ebrballja jon\u00eb nuk \u00ebsht\u00eb p\u00ebrplasje me aleat\u00ebt tan\u00eb, me SHBA-n\u00eb, me Per\u00ebndimin.<\/p>\n<p>Jo, lufta jon\u00eb \u00ebsht\u00eb me t\u00eb keqen q\u00eb ka pushtuar Shqip\u00ebrin\u00eb.<\/p>\n<p>Kush \u00ebsht\u00eb m\u00eb shum\u00eb pro-amerikan, Sali Berisha me PD-n\u00eb q\u00eb shembi diktatur\u00ebn apo Edi Rama me Partin\u00eb e Pun\u00ebs q\u00eb k\u00ebrkon diktatur\u00ebn?<\/p>\n<p>Kush \u00ebsht\u00eb pro-amerikan, Sali Berisha q\u00eb n\u00eb qeverisjen e tij thirri emigrant\u00ebt p\u00ebr t\u00eb jetuar n\u00eb Shqip\u00ebri, apo Edi Rama q\u00eb p gjenocid duke i larguar nga vendi 1 milion prej tyre?<\/p>\n<p>Kush \u00ebsht\u00eb m\u00eb pro-amerikan, Sali Berisha q\u00eb bashk\u00eb me Xhorxh Bush shpalli pavar\u00ebsin\u00eb e Kosov\u00ebs apo Edi Rama q\u00eb e futi Shqip\u00ebrin\u00eb n\u00eb sqetull\u00ebn e Serbis\u00eb?<\/p>\n<p>E v\u00ebrteta q\u00eb PD \u00ebsht\u00eb pro-amerikane, Sali Berisha \u00ebsht\u00eb pro-amerikan, ne t\u00eb gjith\u00eb jemi pro-amerikan\u00eb.<\/p>\n<p>Lufta jon\u00eb nuk \u00ebsht\u00eb as me pateric\u00ebn e Edi Ram\u00ebn, lufta jon\u00eb \u00ebsht\u00eb me pateric\u00ebmbajt\u00ebsin, me Edi Ram\u00ebn. Patericat ne i p\u00ebr\u00e7mojm\u00eb, i shp\u00ebrfillim, nuk jan\u00eb pjes\u00eb e jona. Nuk b\u00ebjm\u00eb luft\u00ebra t\u00eb vogla ne, b\u00ebjm\u00eb luft\u00ebra t\u00eb m\u00ebdha.<\/p>\n<p>Lufta jon\u00eb \u00ebsht\u00eb p\u00ebr standarde, p\u00ebr parime. Lufta jon\u00eb \u00ebsht\u00eb p\u00ebr liri dhe drejt\u00ebsi!<\/p>\n<p>O sot o kurr\u00eb t\u00eb vazhdojm\u00eb t\u00eb luftojm\u00eb me pasionin e idealin dhe forc\u00ebs s\u00eb njeriut q\u00eb nuk njeh mosh\u00eb, me pasionin e Sali Berish\u00ebs.<\/p>\n<p>Dhe at\u00ebher\u00eb ne do t\u00eb fitojm\u00eb.<\/p>\n<p>Prandaj, faleminderit miq, rrofshi ju, rroft\u00eb PD, fitore!<\/p>\n","protected":false},"excerpt":{"rendered":"<p>N\u00ebnkryetari i PD, Lu\u00e7iano Bo\u00e7i, duke folur n\u00eb tubimin qytetar tek \u2018rruga e Shpres\u00ebs\u2019 \u00ebsht\u00eb shprehur se Partia Demokratike \u00ebst\u00eb pro-amerikane, se Sali Berisha \u00ebsht\u00eb pro-amerikan dhe t\u00eb gjith\u00eb demokrat\u00ebt, jan\u00eb pro-amerikan\u00eb. Fjala e Lu\u00e7iano Bo\u00e7it Edhe sot, ju nuk mungoni, mir\u00ebnjohje t\u00eb pafund p\u00ebr q\u00ebndres\u00ebn tuaj, p\u00ebr sakrific\u00ebn tuaj. Dikujt, kjo rrug\u00eb mund t\u2019i &hellip;<\/p>\n","protected":false},"author":4,"featured_media":69893,"comment_status":"closed","ping_status":"closed","sticky":false,"template":"","format":"standard","meta":{"footnotes":""},"categories":[37],"tags":[],"class_list":["post-69892","post","type-post","status-publish","format-standard","has-post-thumbnail","","category-politike"],"_links":{"self":[{"href":"https:\/\/rdnews.al\/index.php\/wp-json\/wp\/v2\/posts\/69892","targetHints":{"allow":["GET"]}}],"collection":[{"href":"https:\/\/rdnews.al\/index.php\/wp-json\/wp\/v2\/posts"}],"about":[{"href":"https:\/\/rdnews.al\/index.php\/wp-json\/wp\/v2\/types\/post"}],"author":[{"embeddable":true,"href":"https:\/\/rdnews.al\/index.php\/wp-json\/wp\/v2\/users\/4"}],"replies":[{"embeddable":true,"href":"https:\/\/rdnews.al\/index.php\/wp-json\/wp\/v2\/comments?post=69892"}],"version-history":[{"count":0,"href":"https:\/\/rdnews.al\/index.php\/wp-json\/wp\/v2\/posts\/69892\/revisions"}],"wp:featuredmedia":[{"embeddable":true,"href":"https:\/\/rdnews.al\/index.php\/wp-json\/wp\/v2\/media\/69893"}],"wp:attachment":[{"href":"https:\/\/rdnews.al\/index.php\/wp-json\/wp\/v2\/media?parent=69892"}],"wp:term":[{"taxonomy":"category","embeddable":true,"href":"https:\/\/rdnews.al\/index.php\/wp-json\/wp\/v2\/categories?post=69892"},{"taxonomy":"post_tag","embeddable":true,"href":"https:\/\/rdnews.al\/index.php\/wp-json\/wp\/v2\/tags?post=69892"}],"curies":[{"name":"wp","href":"https:\/\/api.w.org\/{rel}","templated":true}]}}