{"id":69912,"date":"2024-01-27T19:50:59","date_gmt":"2024-01-27T19:50:59","guid":{"rendered":"https:\/\/rdnews.al\/?p=69912"},"modified":"2024-01-27T20:01:54","modified_gmt":"2024-01-27T20:01:54","slug":"zbardhet-skandali-gjyqtarja-kellici-u-kercenua-me-jete-nga-prokurori-kallezimi","status":"publish","type":"post","link":"https:\/\/rdnews.al\/index.php\/2024\/01\/27\/zbardhet-skandali-gjyqtarja-kellici-u-kercenua-me-jete-nga-prokurori-kallezimi\/","title":{"rendered":"Zbardhet skandali! Gjyqtarja K\u00eblli\u00e7i u k\u00ebrc\u00ebnua me jet\u00eb nga prokurori, kall\u00ebzimi"},"content":{"rendered":"<p>Gjyqtarja Arnisa K\u00eblli\u00e7i ka k\u00ebrkuar nga Prokuroria pran\u00eb Gjykat\u00ebs s\u00eb Shkall\u00ebs s\u00eb Par\u00eb Tiran\u00eb t\u00eb deklaroj\u00eb munges\u00eb kopetence n\u00eb lidhje me kall\u00ebzimet e b\u00ebra nga ana e saj p\u00ebr k\u00ebrc\u00ebnimet.<\/p>\n<p>N\u00eb arsyetimin e saj, gjyqtarja shprehet se dyshon se nj\u00ebri nga k\u00ebrc\u00ebnimet i ka ardhur indirekt (n\u00ebp\u00ebrmjet Kancelarit t\u00eb Gjykat\u00ebs) nga prokurori Adriano Dyrmishi, i cili ushtron detyr\u00ebn pran\u00eb k\u00ebsaj Prokurorie.<\/p>\n<p>\u201cSot m\u00eb dat\u00eb 26.01.2024, n\u00eb deklarimet e dh\u00ebna p\u00ebrpara jush si Prokurore dhe OPGJ-s\u00eb, kam b\u00ebr\u00eb me dije se dyshoj q\u00eb nj\u00ebri prej k\u00ebrc\u00ebnimeve ka ardhur indirekt (n\u00ebp\u00ebrmjet Kancelarit t\u00eb Gjykat\u00ebs) nga Prokurori Adriano Dyrmishi, i cili ushtron detyr\u00ebn pran\u00eb Prokuroris\u00eb suaj.<\/p>\n<p>Po ashtu, pas identifikimit nga hetimet e deritanishme t\u00eb dat\u00ebs se kur letra k\u00ebrc\u00ebnuese e ardhur kundrejt meje \u00ebsht\u00eb p\u00ebrcjell\u00eb n\u00eb zyr\u00ebn time, kam b\u00ebr\u00eb me dije se Prokurori ka qen\u00eb pik\u00ebrisht n\u00eb at\u00eb dat\u00eb n\u00eb zyr\u00ebn time\u201d, thuhet n\u00eb k\u00ebrkes\u00ebn e saj.<\/p>\n<p><strong>K\u00ebrkes\u00eb<\/strong><\/p>\n<p>Tiran\u00eb, m\u00eb 26.01.2024.<\/p>\n<p>Drejtuar: Prokuroris\u00eb pran\u00eb Gjykat\u00ebs s\u00eb Shkall\u00ebs s\u00eb Par\u00eb Tiran\u00eb<\/p>\n<p>Un\u00eb gjyqtare Arnisa K\u00eblli\u00e7i, kam depozituar kall\u00ebzim n\u00eb lidhje me dy k\u00ebrc\u00ebnime t\u00eb kryera kundrejt meje.<\/p>\n<p>Sot m\u00eb dat\u00eb 26.01.2024, n\u00eb deklarimet e dh\u00ebna p\u00ebrpara jush si Prokurore dhe OPGJ-s\u00eb, kam b\u00ebr\u00eb me dije se dyshoj q\u00eb nj\u00ebri prej k\u00ebrc\u00ebnimeve ka ardhur indirekt (n\u00ebp\u00ebrmjet Kancelarit t\u00eb Gjykat\u00ebs) nga Prokurori Adriano Dyrmishi, i cili ushtron detyr\u00ebn pran\u00eb Prokuroris\u00eb suaj.<\/p>\n<p>Po ashtu, pas identifikimit nga hetimet e deritanishme t\u00eb dat\u00ebs se kur letra k\u00ebrc\u00ebnuese e ardhur kundrejt meje \u00ebsht\u00eb p\u00ebrcjell\u00eb n\u00eb zyr\u00ebn time, kam b\u00ebr\u00eb me dije se Prokurori ka qen\u00eb pik\u00ebrisht n\u00eb at\u00eb dat\u00eb n\u00eb zyr\u00ebn time.<\/p>\n<p>Duke patur parasysh k\u00ebt\u00eb fakt, si dhe n\u00eb kushtet kur jam gjyqtare e po s\u00eb nj\u00ebjt\u00ebs Gjykat\u00eb, n\u00eb baz\u00eb t\u00eb neneve 78 e 84 t\u00eb Kodit t\u00eb Procedur\u00ebs Penale, k\u00ebrkoj deklarimin e munges\u00ebs s\u00eb kompetenc\u00ebs s\u00eb Prokuroris\u00eb suaj dhe d\u00ebrgimin e akteve nj\u00eb Prokurorie t\u00eb ndryshme m\u00eb t\u00eb af\u00ebrt.<\/p>\n<p>Me vler\u00ebsim p\u00ebr pun\u00ebn tuaj t\u00eb deritanishme dhe me konsiderat\u00eb,<\/p>\n<p><strong>Gjyqtare Arnisa K\u00eblli\u00e7i<\/strong><\/p>\n<p><img loading=\"lazy\" decoding=\"async\" class=\"alignnone size-medium wp-image-69913\" src=\"https:\/\/rdnews.al\/wp-content\/uploads\/2024\/01\/1-6-225x300.jpeg\" alt=\"\" width=\"225\" height=\"300\" srcset=\"https:\/\/rdnews.al\/wp-content\/uploads\/2024\/01\/1-6-225x300.jpeg 225w, https:\/\/rdnews.al\/wp-content\/uploads\/2024\/01\/1-6-768x1024.jpeg 768w, https:\/\/rdnews.al\/wp-content\/uploads\/2024\/01\/1-6.jpeg 900w\" sizes=\"auto, (max-width: 225px) 100vw, 225px\" \/><\/p>\n","protected":false},"excerpt":{"rendered":"<p>Gjyqtarja Arnisa K\u00eblli\u00e7i ka k\u00ebrkuar nga Prokuroria pran\u00eb Gjykat\u00ebs s\u00eb Shkall\u00ebs s\u00eb Par\u00eb Tiran\u00eb t\u00eb deklaroj\u00eb munges\u00eb kopetence n\u00eb lidhje me kall\u00ebzimet e b\u00ebra nga ana e saj p\u00ebr k\u00ebrc\u00ebnimet. N\u00eb arsyetimin e saj, gjyqtarja shprehet se dyshon se nj\u00ebri nga k\u00ebrc\u00ebnimet i ka ardhur indirekt (n\u00ebp\u00ebrmjet Kancelarit t\u00eb Gjykat\u00ebs) nga prokurori Adriano Dyrmishi, i &hellip;<\/p>\n","protected":false},"author":4,"featured_media":69915,"comment_status":"closed","ping_status":"closed","sticky":false,"template":"","format":"standard","meta":{"footnotes":""},"categories":[37],"tags":[],"class_list":["post-69912","post","type-post","status-publish","format-standard","has-post-thumbnail","","category-politike"],"_links":{"self":[{"href":"https:\/\/rdnews.al\/index.php\/wp-json\/wp\/v2\/posts\/69912","targetHints":{"allow":["GET"]}}],"collection":[{"href":"https:\/\/rdnews.al\/index.php\/wp-json\/wp\/v2\/posts"}],"about":[{"href":"https:\/\/rdnews.al\/index.php\/wp-json\/wp\/v2\/types\/post"}],"author":[{"embeddable":true,"href":"https:\/\/rdnews.al\/index.php\/wp-json\/wp\/v2\/users\/4"}],"replies":[{"embeddable":true,"href":"https:\/\/rdnews.al\/index.php\/wp-json\/wp\/v2\/comments?post=69912"}],"version-history":[{"count":0,"href":"https:\/\/rdnews.al\/index.php\/wp-json\/wp\/v2\/posts\/69912\/revisions"}],"wp:featuredmedia":[{"embeddable":true,"href":"https:\/\/rdnews.al\/index.php\/wp-json\/wp\/v2\/media\/69915"}],"wp:attachment":[{"href":"https:\/\/rdnews.al\/index.php\/wp-json\/wp\/v2\/media?parent=69912"}],"wp:term":[{"taxonomy":"category","embeddable":true,"href":"https:\/\/rdnews.al\/index.php\/wp-json\/wp\/v2\/categories?post=69912"},{"taxonomy":"post_tag","embeddable":true,"href":"https:\/\/rdnews.al\/index.php\/wp-json\/wp\/v2\/tags?post=69912"}],"curies":[{"name":"wp","href":"https:\/\/api.w.org\/{rel}","templated":true}]}}