{"id":70021,"date":"2024-01-30T09:19:53","date_gmt":"2024-01-30T09:19:53","guid":{"rendered":"https:\/\/rdnews.al\/?p=70021"},"modified":"2024-01-30T09:19:53","modified_gmt":"2024-01-30T09:19:53","slug":"cfare-eshte-miti-berishes-qe-po-perpiqen-ta-rrezojne-dhe-nuk-munden","status":"publish","type":"post","link":"https:\/\/rdnews.al\/index.php\/2024\/01\/30\/cfare-eshte-miti-berishes-qe-po-perpiqen-ta-rrezojne-dhe-nuk-munden\/","title":{"rendered":"\u00c7far\u00eb \u00ebsht\u00eb miti Berish\u00ebs q\u00eb po p\u00ebrpiqen ta rr\u00ebzojn\u00eb dhe nuk munden?"},"content":{"rendered":"<p>Drejtori i Komunikimit n\u00eb Partin\u00eb Demokratike Alfred Lela i \u00ebsht\u00eb bashkuar qendrestar\u00ebve tek \u2018Rruga e Shpres\u00ebs\u2019\u00a0 t\u00eb cil\u00ebt kan\u00eb prej afro nj\u00eb muaji q\u00eb protestojn\u00eb p\u00ebr arrestimin e pa drejt\u00eb t\u00eb liderit t\u00eb opozit\u00ebs Sali Berisha.<\/p>\n<p><strong>FJALA E ALFRED LEL\u00cbS<\/strong><\/p>\n<p>Duhet t\u00eb jet\u00eb patjet\u00ebr th\u00ebrrmija e Zotit q\u00eb ju shtyn k\u00ebtu prej 29 net\u00ebsh n\u00eb t\u00eb ftoh\u00eb, n\u00eb nj\u00eb dim\u00ebr q\u00eb s\u00eb shpejti do t\u00eb kthehet n\u00eb pranver\u00eb. Dikush para ca net\u00ebsh m\u00eb tha: Pse vjen me kapele a ke frik\u00eb kjo \u00ebsht\u00eb p\u00ebrgjigjja ime.(heq kapel\u00ebn dhe vendos nj\u00eb kapele q\u00eb mban logon e Partis\u00eb Demokratike).<\/p>\n<p>P\u00ebrgjigja e dyt\u00eb \u00ebsht\u00eb kjo: dikush q\u00eb i ka t\u00eb hequr pantallonat para kryeministrit kreut t\u00eb patronazhist\u00ebve nuk do t\u00eb kishte frik\u00eb t\u00eb hiqte dhe t\u00eb vendoste kapele k\u00ebshtu q\u00eb t\u00eb pakt\u00ebn k\u00ebt\u00eb e zgjidh\u00ebm. V\u00ebllez\u00ebr dhe motra lejen p\u00ebr pluraliz\u00ebm e ka dh\u00ebn\u00eb vet\u00eb Zoti q\u00eb t\u00eb Arka e Noes kur e mbushi me t\u00eb gjitha gjallesat tha le t\u00eb b\u00ebhet pluraliz\u00ebm.<\/p>\n<p>Dhe vjen nj\u00eb burr\u00eb q\u00eb quhet Edi Rama i cili mendon se ky komb ky vend nuk e meriton pluralizmin. N\u00eb sjelljen tipike t\u00eb nj\u00eb t\u00eb majti q\u00eb kund\u00ebrshtojn\u00eb Zotin por duan ta luajn\u00eb Zotin, duan t\u00eb jen\u00eb ato Zoti dhe ne i themi jo dhe vet\u00ebm jo.<\/p>\n<p>Kam d\u00ebgjuar fol\u00ebs pasionant\u00eb entuziast\u00eb t\u00eb \u00e7liruar nga frika prej 29 net\u00ebsh n\u00eb k\u00ebt\u00eb shesh q\u00eb \u00ebsht\u00eb kthyer n\u00eb parlamentin e v\u00ebrtet\u00eb t\u00eb k\u00ebtij vendi. Disa prej tyre than\u00eb me t\u00eb drejt\u00eb se ky ka qen\u00eb nj\u00eb komplot kund\u00ebr Sali Berish\u00ebs. Kan\u00eb t\u00eb drejt\u00eb vet\u00ebm p\u00ebrgjysm\u00eb n\u00eb fakt, ka qen\u00eb nj\u00eb komplet kund\u00ebr jush, kund\u00ebr nesh, kund\u00ebr popullit shqiptar, kund\u00ebr pluralizmit sepse n\u00ebse i shikoni ngjarjet me v\u00ebmendje Sali Berish\u00ebs i k\u00ebrkuan t\u00eb b\u00ebhet pjes\u00eb e komplotit i than\u00eb q\u00eb: Sali t\u00ebrhiqu, b\u00ebhu d\u00ebshmitar i rrem kund\u00ebr vet\u00ebs dhe kund\u00ebr demokrat\u00ebve, l\u00ebri k\u00ebta t\u00eb b\u00ebjn\u00eb qeveri koalicioni, Rama dhe Basha, pranoje Ballkanin e Hapur, pranoje ndryshimin e kufijve, ndarjen e Kosov\u00ebs dhe n\u00ebse ti i pranon k\u00ebto Sali ti je burri i mir\u00eb, nuk je non grata, t\u00eb duam shum\u00eb. B\u00ebhu pjes\u00eb e komplotit kund\u00ebr demokrat\u00ebve, kund\u00ebr shqiptar\u00ebve, kund\u00ebr Shqip\u00ebris\u00eb. Sali Berisha tha: Jo.<\/p>\n<p>Dhe kjo \u00ebsht\u00eb arsyeja q\u00eb ne jemi sot k\u00ebtu. Pra me nj\u00eb logjik\u00eb t\u00eb thjesht\u00eb nuk jemi p\u00ebr Sali Berish\u00ebn jemi dhe p\u00ebr t\u00eb por jemi dhe p\u00ebr veten jemi p\u00ebr secilin shqiptar q\u00eb nuk jan\u00eb sot k\u00ebtu sepse mund t\u00eb ken\u00eb frik\u00eb sepse aq jua pret mendja sepse i ka z\u00ebn\u00eb ajo q\u00eb un\u00eb dua ta quaj obeziteti i demokracis\u00eb. Ju p\u00eblqen t\u00eb mos e vrasin mendjen.<\/p>\n<p>N\u00eb fund dua t\u00eb p\u00ebrsh\u00ebndes Doktori Berish\u00ebn\u00a0 t\u00eb cilin sado mundohen ta izolojn\u00eb nuk i sigurojn\u00eb gj\u00eb tjet\u00ebr ve\u00e7se lart\u00ebsi t\u00eb stuhishme. E kan\u00eb nisur sulmin ndaj tij m\u00eb her\u00ebt \u201992, \u201994, \u201996, \u201997, 2001 e me radh\u00eb\u00a0 por mitin nuk ja kan\u00eb rr\u00ebzuar dot.<\/p>\n<p>Dhe k\u00ebt\u00eb her\u00eb ata vijn\u00eb p\u00ebr t\u00eb rr\u00ebzuar mitin e Sali Berish\u00ebs. \u00c7far\u00eb \u00ebsht\u00eb miti i Sali Berish\u00ebs? Kur t\u00eb vini n\u00eb hyrje t\u00eb asaj rruge ajo e ka emrin \u2018Mustafa Matohiti\u2019 por askush nuk e th\u00ebrret me at\u00eb em\u00ebr t\u00eb gjith\u00eb e njohin si \u2018Rruga e Sal\u00ebs\u2019, \u2018Rruga e Berish\u00ebs\u2019 dhe ky \u00ebsht\u00eb miti i Sali Berish\u00ebs.<\/p>\n","protected":false},"excerpt":{"rendered":"<p>Drejtori i Komunikimit n\u00eb Partin\u00eb Demokratike Alfred Lela i \u00ebsht\u00eb bashkuar qendrestar\u00ebve tek \u2018Rruga e Shpres\u00ebs\u2019\u00a0 t\u00eb cil\u00ebt kan\u00eb prej afro nj\u00eb muaji q\u00eb protestojn\u00eb p\u00ebr arrestimin e pa drejt\u00eb t\u00eb liderit t\u00eb opozit\u00ebs Sali Berisha. FJALA E ALFRED LEL\u00cbS Duhet t\u00eb jet\u00eb patjet\u00ebr th\u00ebrrmija e Zotit q\u00eb ju shtyn k\u00ebtu prej 29 net\u00ebsh n\u00eb &hellip;<\/p>\n","protected":false},"author":4,"featured_media":70022,"comment_status":"closed","ping_status":"closed","sticky":false,"template":"","format":"standard","meta":{"footnotes":""},"categories":[37],"tags":[],"class_list":["post-70021","post","type-post","status-publish","format-standard","has-post-thumbnail","","category-politike"],"_links":{"self":[{"href":"https:\/\/rdnews.al\/index.php\/wp-json\/wp\/v2\/posts\/70021","targetHints":{"allow":["GET"]}}],"collection":[{"href":"https:\/\/rdnews.al\/index.php\/wp-json\/wp\/v2\/posts"}],"about":[{"href":"https:\/\/rdnews.al\/index.php\/wp-json\/wp\/v2\/types\/post"}],"author":[{"embeddable":true,"href":"https:\/\/rdnews.al\/index.php\/wp-json\/wp\/v2\/users\/4"}],"replies":[{"embeddable":true,"href":"https:\/\/rdnews.al\/index.php\/wp-json\/wp\/v2\/comments?post=70021"}],"version-history":[{"count":0,"href":"https:\/\/rdnews.al\/index.php\/wp-json\/wp\/v2\/posts\/70021\/revisions"}],"wp:featuredmedia":[{"embeddable":true,"href":"https:\/\/rdnews.al\/index.php\/wp-json\/wp\/v2\/media\/70022"}],"wp:attachment":[{"href":"https:\/\/rdnews.al\/index.php\/wp-json\/wp\/v2\/media?parent=70021"}],"wp:term":[{"taxonomy":"category","embeddable":true,"href":"https:\/\/rdnews.al\/index.php\/wp-json\/wp\/v2\/categories?post=70021"},{"taxonomy":"post_tag","embeddable":true,"href":"https:\/\/rdnews.al\/index.php\/wp-json\/wp\/v2\/tags?post=70021"}],"curies":[{"name":"wp","href":"https:\/\/api.w.org\/{rel}","templated":true}]}}