{"id":70024,"date":"2024-01-30T09:22:25","date_gmt":"2024-01-30T09:22:25","guid":{"rendered":"https:\/\/rdnews.al\/?p=70024"},"modified":"2024-01-30T09:27:45","modified_gmt":"2024-01-30T09:27:45","slug":"raporti-eurostat-dhe-berzh-teliti-shqiperia-vendi-me-i-palumtur-per-te-jetuar","status":"publish","type":"post","link":"https:\/\/rdnews.al\/index.php\/2024\/01\/30\/raporti-eurostat-dhe-berzh-teliti-shqiperia-vendi-me-i-palumtur-per-te-jetuar\/","title":{"rendered":"Raporti Eurostat dhe BERZH\/ Teliti: Shqip\u00ebria vendi m\u00eb i palumtur p\u00ebr t\u00eb jetuar!"},"content":{"rendered":"<p><strong>DEKLARAT\u00cb P\u00cbR MEDIA E K\u00cbSHILLTARIT P\u00cbR \u00c7\u00cbSHTJET EKONOMIKE N\u00cb PD, DORJAN TELITI<\/strong><\/p>\n<p>T\u00eb dashur miq,<br \/>\nJetojm\u00eb koh\u00eb t\u00eb v\u00ebshtira, n\u00eb koh\u00ebt kur njer\u00ebzit e k\u00ebtij vendi duhet t\u00eb luftojn\u00eb \u00e7do dit\u00eb me v\u00ebshtir\u00ebsit\u00eb dhe padrejt\u00ebsit\u00eb e shumta q\u00eb ka realiteti shqiptar.<\/p>\n<p>Jetojm\u00eb n\u00eb koh\u00ebt ku rinia mendjen e ka t\u00eb emigroj\u00eb, nx\u00ebn\u00ebsit \u00ebnd\u00ebrrojn\u00eb p\u00ebr klasa me kushte normale e shkolla pa turne, student\u00ebt n\u00eb vend q\u00eb t\u00eb fokusohen t\u00eb m\u00ebsimi mendjen e kan\u00eb te tarifat e rritura dhe shpikjet qeveritare p\u00ebr pun\u00eb t\u00eb detyruar.<\/p>\n<p>Jetojm\u00eb n\u00eb koh\u00ebt q\u00eb sip\u00ebrmarr\u00ebsin nuk e z\u00eb gjumi pasi n\u00eb \u00ebnd\u00ebrr i dalin taksat e rritura dhe taksidar\u00ebt e bab\u00ebzitur.<\/p>\n<p>Jetojm\u00eb n\u00eb koh\u00ebt ku 90% e t\u00eb pun\u00ebsuarve e shpenzojn\u00eb rrog\u00ebn e tyre brenda gjysm\u00ebs s\u00eb par\u00eb t\u00eb muajit dhe gjysm\u00ebn tjet\u00ebr nj\u00eb zot e di stresin q\u00eb p\u00ebrjetojn\u00eb.<\/p>\n<p>Jetojm\u00eb n\u00eb koh\u00ebt ku 95% e pensionist\u00ebt kan\u00eb frik\u00eb t\u00eb futen n\u00eb dyqane se nuk arrijn\u00eb t\u00eb paguajn\u00eb dot edhe produktet baz\u00eb t\u00eb ushqimit e jo m\u00eb ilac\u00ebt cil\u00ebsore apo sh\u00ebrbimet mjek\u00ebsore q\u00eb shum\u00eb prej tyre u nevojiten.<\/p>\n<p>Jetojm\u00eb n\u00eb koh\u00ebra ku shqiptar\u00ebt nuk jan\u00eb t\u00eb lumtur. Dhe k\u00ebt\u00eb nuk e thon\u00eb vet\u00ebm njer\u00ebzit, nuk e thot\u00eb vet\u00ebm opozita, por e thon\u00eb edhe raportet e institucioneve nd\u00ebrkomb\u00ebtare.<\/p>\n<p>Sipas raportit t\u00eb dy jav\u00ebve m\u00eb par\u00eb t\u00eb Eurostat, shqiptar\u00ebt renditen t\u00eb fundit kur b\u00ebhet fjal\u00eb p\u00ebr k\u00ebnaq\u00ebsin\u00eb e jet\u00ebs, nd\u00ebrkoh\u00eb q\u00eb vendet e rajonit si Kosova, Maqedonia e Veriu, Mali i Zi, Serbia, etj renditen m\u00eb lart e m\u00eb mir\u00eb se ne.<\/p>\n<p>Diten e djeshme nj\u00eb tjet\u00ebr raport pasqyroi k\u00ebt\u00eb realitet t\u00eb hidhur shqiptar.<\/p>\n<p>Sipas BERZH-it k\u00ebnaq\u00ebsia p\u00ebr t\u00eb jetuar \u00ebsht\u00eb rritur nd\u00ebr vite n\u00eb t\u00eb gjith\u00eb vendet e Europ\u00ebs Juglindore dhe Ballkanit Per\u00ebndimor, nd\u00ebrkoh\u00eb q\u00eb Shqip\u00ebria ishte i vetmi vend q\u00eb nuk ka ecur me k\u00ebt\u00eb trend pozitiv, p\u00ebrkundrazi.<\/p>\n<p>Sipas k\u00ebtij raporti t\u00eb BERZH, k\u00ebnaq\u00ebsia p\u00ebr t\u00eb jetuar sot \u00ebsht\u00eb edhe m\u00eb e ul\u00ebt sesa ajo e vitit 2006, vit q\u00eb qeverisej nga Partia Demokratike dhe ishte viti i par\u00eb i qeverisjes s\u00eb saj q\u00eb karakterizohej nga vendosja n\u00eb qend\u00ebr t\u00eb v\u00ebmendjes t\u00eb qytetarit dhe sip\u00ebrmarrjes, derregullimit, uljes s\u00eb barr\u00ebs fiskale, rritjes s\u00eb pagave e pensioneve, nisjes s\u00eb investimeve madhore, luft\u00ebs frontale ndaj korrupsionit, etj.<\/p>\n<p>Partia Demokratike \u00ebsht\u00eb shum\u00eb e shqet\u00ebsuar p\u00ebr realitetin e v\u00ebshtir\u00eb q\u00eb po jetojn\u00eb shqiptar\u00ebt. Jemi t\u00eb shqet\u00ebsuar p\u00ebr ekonomin\u00eb q\u00eb nuk ec\u00ebn n\u00eb drejtimin e duhur, p\u00ebr taksat e rritura ndjesh\u00ebm q\u00eb nuk u kthehen shqiptar\u00ebve n\u00eb m\u00eb shum\u00eb sh\u00ebrbime, shkolla, spitale e infrastruktur\u00eb rrugore.<\/p>\n<p>Jemi t\u00eb shqet\u00ebsuar p\u00ebr braktisjen q\u00eb i b\u00ebhet shtresave n\u00eb nevoj\u00eb dhe pensionist\u00ebve, nd\u00ebrkoh\u00eb q\u00eb shp\u00ebrdorimet e parave p\u00ebr shpenzime luksi, rikonstruksione zyrash e udh\u00ebtime shum\u00eb-milion\u00ebshe me chartera private kan\u00eb qen\u00eb dhe mbeten prioritare.<\/p>\n<p>Jemi t\u00eb shqet\u00ebsuar p\u00ebr qindra milion\u00eb eurot e buxhetit t\u00eb shtetit q\u00eb cdo vit gllab\u00ebrohen nga oligark\u00ebt e PPP-ve dhe faturat po aq t\u00eb majme t\u00eb arbitrazheve nd\u00ebrkomb\u00ebtare t\u00eb humbura t\u00eb qeveris\u00eb shqiptare.<\/p>\n<p>T\u00eb nderuar qytetar\u00eb.<br \/>\nMe shum\u00eb mund\u00ebsi edhe ne po t\u00eb ishim n\u00eb qeverisje nuk do e conim dot standartin e jetes\u00ebs s\u00eb shqiptar\u00ebve n\u00eb nivelet as t\u00eb Zvicr\u00ebs e as t\u00eb Gjermanis\u00eb, por nj\u00eb gj\u00eb \u00ebsht\u00eb e sigurt, q\u00eb me burimet q\u00eb ka ekonomia jon\u00eb dhe me nj\u00eb qeverisje t\u00eb vog\u00ebl, eficente dhe t\u00eb pakorruptuar, Shqip\u00ebria do kishte m\u00eb n\u00eb fund shpres\u00ebn p\u00ebr tu b\u00ebr\u00eb nj\u00eb vend i denj\u00eb p\u00ebr tu integruar n\u00eb BE dhe nj\u00eb vend normal p\u00ebr t\u00eb jetuar, nj\u00eb vend q\u00eb p\u00ebrparon dhe u jep deshir\u00ebn shqiptar\u00ebve p\u00ebr ta jetuar k\u00ebtu jet\u00ebn e tyre e jo rrug\u00ebve t\u00eb Europ\u00ebs.<br \/>\nJu faleminderit!<\/p>\n","protected":false},"excerpt":{"rendered":"<p>DEKLARAT\u00cb P\u00cbR MEDIA E K\u00cbSHILLTARIT P\u00cbR \u00c7\u00cbSHTJET EKONOMIKE N\u00cb PD, DORJAN TELITI T\u00eb dashur miq, Jetojm\u00eb koh\u00eb t\u00eb v\u00ebshtira, n\u00eb koh\u00ebt kur njer\u00ebzit e k\u00ebtij vendi duhet t\u00eb luftojn\u00eb \u00e7do dit\u00eb me v\u00ebshtir\u00ebsit\u00eb dhe padrejt\u00ebsit\u00eb e shumta q\u00eb ka realiteti shqiptar. Jetojm\u00eb n\u00eb koh\u00ebt ku rinia mendjen e ka t\u00eb emigroj\u00eb, nx\u00ebn\u00ebsit \u00ebnd\u00ebrrojn\u00eb p\u00ebr klasa &hellip;<\/p>\n","protected":false},"author":4,"featured_media":70025,"comment_status":"closed","ping_status":"closed","sticky":false,"template":"","format":"standard","meta":{"footnotes":""},"categories":[37],"tags":[],"class_list":["post-70024","post","type-post","status-publish","format-standard","has-post-thumbnail","","category-politike"],"_links":{"self":[{"href":"https:\/\/rdnews.al\/index.php\/wp-json\/wp\/v2\/posts\/70024","targetHints":{"allow":["GET"]}}],"collection":[{"href":"https:\/\/rdnews.al\/index.php\/wp-json\/wp\/v2\/posts"}],"about":[{"href":"https:\/\/rdnews.al\/index.php\/wp-json\/wp\/v2\/types\/post"}],"author":[{"embeddable":true,"href":"https:\/\/rdnews.al\/index.php\/wp-json\/wp\/v2\/users\/4"}],"replies":[{"embeddable":true,"href":"https:\/\/rdnews.al\/index.php\/wp-json\/wp\/v2\/comments?post=70024"}],"version-history":[{"count":0,"href":"https:\/\/rdnews.al\/index.php\/wp-json\/wp\/v2\/posts\/70024\/revisions"}],"wp:featuredmedia":[{"embeddable":true,"href":"https:\/\/rdnews.al\/index.php\/wp-json\/wp\/v2\/media\/70025"}],"wp:attachment":[{"href":"https:\/\/rdnews.al\/index.php\/wp-json\/wp\/v2\/media?parent=70024"}],"wp:term":[{"taxonomy":"category","embeddable":true,"href":"https:\/\/rdnews.al\/index.php\/wp-json\/wp\/v2\/categories?post=70024"},{"taxonomy":"post_tag","embeddable":true,"href":"https:\/\/rdnews.al\/index.php\/wp-json\/wp\/v2\/tags?post=70024"}],"curies":[{"name":"wp","href":"https:\/\/api.w.org\/{rel}","templated":true}]}}