{"id":70043,"date":"2024-01-30T11:57:34","date_gmt":"2024-01-30T11:57:34","guid":{"rendered":"https:\/\/rdnews.al\/?p=70043"},"modified":"2024-01-30T11:58:00","modified_gmt":"2024-01-30T11:58:00","slug":"pd-gjykata-kushtetuese-dhe-edi-rama-e-kthyen-shqiperine-ne-importues-refugjatesh-rama-i-jep-italise-pa-afat-lezhen-per-10-vite","status":"publish","type":"post","link":"https:\/\/rdnews.al\/index.php\/2024\/01\/30\/pd-gjykata-kushtetuese-dhe-edi-rama-e-kthyen-shqiperine-ne-importues-refugjatesh-rama-i-jep-italise-pa-afat-lezhen-per-10-vite\/","title":{"rendered":"PD: GJK dhe Edi Rama e kthyen Shqip\u00ebrin\u00eb n\u00eb importues refugjat\u00ebsh. Rama i \u2018jep\u2019 Italis\u00eb pa afat Lezh\u00ebn p\u00ebr 10 vite"},"content":{"rendered":"<p><strong>DEKLARAT\u00cb P\u00cbR MEDIA E DEPUTETES S\u00cb PD, LINDITA METALIAJ<\/strong><\/p>\n<p>Gjykata Kushtetuese shpalli dje faktin se \u00ebsht\u00eb pro Edi Ram\u00ebs dhe kund\u00ebr Shqip\u00ebris\u00eb. Pro Edi Ram\u00ebs n\u00ebn qeverisjen e t\u00eb cilit kan\u00eb ikur me qindra mijra shqiptar\u00eb, duke e kthyer Shqip\u00ebrin\u00eb n\u00eb nj\u00eb vend eksportues t\u00eb emigracionit dhe tani importues t\u00eb refugjat\u00ebve t\u00eb luft\u00ebs dhe te krizave te reja. Gjykata Kushtetuese nuk arriti t\u2019i mbronte shqiptar\u00ebt, dhe as refugjat\u00ebt afrikan\u00eb, aq sa edhe gjykata britanike e cila vendosi q\u00eb shqiptar\u00ebt dhe azilant\u00ebt e tjer\u00eb t\u00eb mos d\u00ebrgoheheshin n\u00eb kampet e Ruand\u00ebs, duke e konsideruar shkelje t\u00eb t\u00eb drejtave t\u00eb njeriut.<\/p>\n<p>Gjykata Kushtetuese edhe Edi Rama jan\u00eb nga i nj\u00ebjti stof, ata v\u00ebn\u00eb interesat, favoret dhe lidhjet politike mbi ato komb\u00ebtare.<\/p>\n<p>Gjykata Kushtetuese deklaroi dje se Protokolli midis Ram\u00ebs dhe Melonit qenka n\u00eb pajtim me Kushtetut\u00ebn, duke hapur rrug\u00ebn e ratifikimit nga Kuvendi te marreveshjes q\u00eb i dor\u00ebzon territor dhe sovranitet nj\u00eb vendi tjet\u00ebr, edhe pse mik i Shqip\u00ebris\u00eb.<\/p>\n<p>Rama ka vendosur qe dy zona ne Lezhe t\u2019ja jape ne \u201cperdorim\u201d pa kund\u00ebrshp\u00ebrblim, me afat deri ne 10 vite shtetit Italian, dhe dje Gjykata Kushtetuese, si Noter i regjimit te Edi Rames, vulosi me turp nje pakt te tille.<\/p>\n<p>Sipas Gjykat\u00ebs, Protokolli nuk cakton kufij territorial\u00eb dhe nuk ndryshon integritetin territorial t\u00eb Shqip\u00ebris\u00eb. Ne fakt, ky Protokoll e prek sovranitetin sepse \u201cPakti\u201d Rama-Meloni eshte nje marreveshje e negociuar fshehtas, pa transparence, pa marre plotefuqine nga Presidenti i Republikes, pa pyetur banoret e Qarkut Lezh\u00eb apo grupet e interesit. N\u00eb zonat e caktuara ne marreveshje, nuk do zbatohet ligji Shqiptar, ndaj nje marreveshje e tille nuk mund te lidhej ne emer te Qeverise, por duhej nenshkruar \u201cne emer te Republikes\u201d, duke perfshire Presidentin.<\/p>\n<p>Nga ana tjet\u00ebr, Gjykata nenvizoi se n\u00eb dy zonat n\u00eb Qarkun Lezh\u00eb ku parashikohet t\u00eb veproj\u00eb Protokolli, zbatohet e drejta shqiptare, p\u00ebrve\u00e7 t\u00eb drejt\u00ebs italiane, duke pasur nj\u00eb \u201cjuridiksion i dyfisht\u00eb sa u takon lirive dhe t\u00eb drejtave t\u00eb njeriut, ku juridiksioni italian nuk p\u00ebrjashton juridiksionin shqiptar\u201d. Kjo nuk \u00ebsht\u00eb aspak e v\u00ebrtet\u00eb !<\/p>\n<p>N\u00eb Protokoll parashikohet qartazi se, brenda zonave do t\u00eb zbatohet eksluzivisht juriksioni Italian, pra ligji Italian. Kjo do te thote se ligji Shqiptar nuk do te gjeje zbatim n\u00eb hapesirat e kampeve te refugjateve nga Afrika apo Azia qe do te vijn\u00eb n\u00eb Qarkun Lezh\u00eb. Per ngritjen e kampeve, ne Protokoll parashikohet se nuk do te kerkohet \u201cleje ndertimi sipas legjislacionit shqiptar\u201d. Po ashtu, as personeli i huaj qe do te hyje ne kampe nuk do t\u2019i nenshtrohet ligjeve shqiptare, sa i takon lejeve te qendrimit te tyre, te drejtes se punes, madje do te kene perjashtime nga ligjet shqiptare edhe sa u takon mjeteve financiare, taksimit apo kufirit maksimal te valut\u00ebs qe mund te hyje e te dale lirisht nga keto zona.<\/p>\n<p>Ky precedent i rrezikshem mund t\u2019i hape rruge kampeve te tjera ne Shqiperi duke e shnderruar Shqiperine e nj\u00ebmij\u00eb halleve dhe krizave, ne nje qend\u00ebr t\u00eb madhe t\u00eb p\u00ebrpunimit t\u00eb refugjat\u00ebve.<\/p>\n","protected":false},"excerpt":{"rendered":"<p>DEKLARAT\u00cb P\u00cbR MEDIA E DEPUTETES S\u00cb PD, LINDITA METALIAJ Gjykata Kushtetuese shpalli dje faktin se \u00ebsht\u00eb pro Edi Ram\u00ebs dhe kund\u00ebr Shqip\u00ebris\u00eb. Pro Edi Ram\u00ebs n\u00ebn qeverisjen e t\u00eb cilit kan\u00eb ikur me qindra mijra shqiptar\u00eb, duke e kthyer Shqip\u00ebrin\u00eb n\u00eb nj\u00eb vend eksportues t\u00eb emigracionit dhe tani importues t\u00eb refugjat\u00ebve t\u00eb luft\u00ebs dhe te &hellip;<\/p>\n","protected":false},"author":4,"featured_media":70044,"comment_status":"closed","ping_status":"closed","sticky":false,"template":"","format":"standard","meta":{"footnotes":""},"categories":[37],"tags":[],"class_list":["post-70043","post","type-post","status-publish","format-standard","has-post-thumbnail","","category-politike"],"_links":{"self":[{"href":"https:\/\/rdnews.al\/index.php\/wp-json\/wp\/v2\/posts\/70043","targetHints":{"allow":["GET"]}}],"collection":[{"href":"https:\/\/rdnews.al\/index.php\/wp-json\/wp\/v2\/posts"}],"about":[{"href":"https:\/\/rdnews.al\/index.php\/wp-json\/wp\/v2\/types\/post"}],"author":[{"embeddable":true,"href":"https:\/\/rdnews.al\/index.php\/wp-json\/wp\/v2\/users\/4"}],"replies":[{"embeddable":true,"href":"https:\/\/rdnews.al\/index.php\/wp-json\/wp\/v2\/comments?post=70043"}],"version-history":[{"count":0,"href":"https:\/\/rdnews.al\/index.php\/wp-json\/wp\/v2\/posts\/70043\/revisions"}],"wp:featuredmedia":[{"embeddable":true,"href":"https:\/\/rdnews.al\/index.php\/wp-json\/wp\/v2\/media\/70044"}],"wp:attachment":[{"href":"https:\/\/rdnews.al\/index.php\/wp-json\/wp\/v2\/media?parent=70043"}],"wp:term":[{"taxonomy":"category","embeddable":true,"href":"https:\/\/rdnews.al\/index.php\/wp-json\/wp\/v2\/categories?post=70043"},{"taxonomy":"post_tag","embeddable":true,"href":"https:\/\/rdnews.al\/index.php\/wp-json\/wp\/v2\/tags?post=70043"}],"curies":[{"name":"wp","href":"https:\/\/api.w.org\/{rel}","templated":true}]}}