{"id":70047,"date":"2024-01-30T12:22:48","date_gmt":"2024-01-30T12:22:48","guid":{"rendered":"https:\/\/rdnews.al\/?p=70047"},"modified":"2024-01-30T12:22:48","modified_gmt":"2024-01-30T12:22:48","slug":"zhavtja-e-miliona-eurove-me-call-center-spak-nuk-guxon-te-hetoje-ortakun-e-olsi-rames","status":"publish","type":"post","link":"https:\/\/rdnews.al\/index.php\/2024\/01\/30\/zhavtja-e-miliona-eurove-me-call-center-spak-nuk-guxon-te-hetoje-ortakun-e-olsi-rames\/","title":{"rendered":"Zhavtja e miliona eurove me Call-center, SPAK nuk guxon t\u00eb hetoj\u00eb ortakun e Olsi Ram\u00ebs"},"content":{"rendered":"<p>Prokuroria e Posa\u00e7me njoftoi n\u00ebp\u00ebrmjet nj\u00eb deklarate t\u00eb gjat\u00eb dhe t\u00eb detajuar se ka d\u00ebrguar p\u00ebr gjykim disa persona, t\u00eb cil\u00ebt akuzohen se kan\u00eb mashtruar shtetas italian\u00eb n\u00ebp\u00ebrmjet call-center, n\u00eb nj\u00eb vler\u00eb rreth 1.4 milion\u00eb euro.<\/p>\n<p>Emrat e p\u00ebrfshir\u00eb n\u00eb k\u00ebt\u00eb skem\u00eb jan\u00eb \u201cpeshq t\u00eb vegj\u00ebl\u201d dhe t\u00ebr\u00ebsisht anonim\u00eb p\u00ebr publikun, megjith\u00ebse mashtrimin e pretenduar nga SPAK-u \u00ebsht\u00eb i konsideruesh\u00ebm.<\/p>\n<p>Por, n\u00eb nj\u00eb rast tjet\u00ebr, ku vlera e mashtrimit \u00ebsht\u00eb shum\u00eb her\u00eb m\u00eb e lart\u00eb, n\u00eb shum\u00ebn e 2.4 miliard\u00eb euro, prokuror\u00ebt e posa\u00e7\u00ebm nuk kan\u00eb kryer asnj\u00eb lloj verifikimi.<\/p>\n<p>N\u00eb k\u00ebt\u00eb rast mashtrimi gjigant, por t\u00eb pahetuar nga SPAK-u, \u00ebsht\u00eb i p\u00ebrfshir\u00eb Amant Josifi, ish-k\u00ebshilltar i ministres s\u00eb Mbrojtjes Olta Xha\u00e7ka dhe ortak i hersh\u00ebm biznesi me Olsi Ram\u00ebn, v\u00ebllan\u00eb e kryeministrit Edi Rama.<\/p>\n<p>Josifi akuzohet nga autoritetet spanjolle se q\u00ebndron n\u00eb kupol\u00ebn e organizat\u00eb kriminale nd\u00ebrkomb\u00ebtare, e cila ka mashtruar mij\u00ebra qytetar\u00eb europian\u00eb n\u00ebp\u00ebrmjet call-center-ave.<\/p>\n<p>Policia d\u00ebshtoi ta arrestonte Josifin n\u00eb Tiran\u00eb n\u00eb n\u00ebntor t\u00eb vitit 2022, pas nj\u00eb operacioni q\u00eb u dekonspirua nga vet\u00eb autoritetet shqiptare.<\/p>\n<p>SPAK-u, struktura p\u00ebrgjegj\u00ebse p\u00ebr hetimin penal dhe pasuror t\u00eb an\u00ebtar\u00ebve t\u00eb grupeve kriminale, prej m\u00eb shum\u00eb se nj\u00eb viti nga shp\u00ebrthimi i skandalit me p\u00ebrmasa kontinentale, nuk guxon t\u00eb nis\u00eb procedurat ndaj Amant Josifit.<\/p>\n<p>Legjislacioni shqiptar i jep t\u00eb gjitha mund\u00ebsit\u00eb SPAK-ut q\u00eb t\u00eb nis\u00eb hetim pasuror p\u00ebr k\u00ebdo shtetas shqiptar, i cili, edhe pse akuzohet p\u00ebr kryerjen e veprave penale jasht\u00eb shtetit, dyshohet ose m\u00eb s\u00eb paku ka indicie se ka transferuar p\u00ebrfitime kriminale drejt vendit ton\u00eb.<\/p>\n<p>SPAK-u raporton n\u00eb m\u00ebnyr\u00eb periodike p\u00ebr nisjen e hetimeve pasurore apo edhe sekuestrimin e parave t\u00eb individ\u00ebve q\u00eb jan\u00eb p\u00ebrfshir\u00eb n\u00eb vepra kriminale jasht\u00eb Shqip\u00ebris\u00eb.<\/p>\n<p>Por, n\u00eb rastin e Amant Josifit, ish-k\u00ebshilltar i ministres Olta Xha\u00e7ka dhe nj\u00eb ish-ortak biznesi i Olsi Ram\u00ebs, nuk ka pasur asnj\u00eb iniciativ\u00eb t\u00eb till\u00eb.<\/p>\n<p>T\u00eb dh\u00ebnat e Qendr\u00ebs Komb\u00ebtare t\u00eb Biznesit tregojn\u00eb se kompania kryesore e Josifit n\u00eb Shqip\u00ebri, \u201cOdyssey\u201d shpk, vijon t\u00eb jet\u00eb aktive.<\/p>\n<p>Shoq\u00ebria \u00ebsht\u00eb krijuar n\u00eb vitin 2019 dhe ka objekt aktiviteti t\u00eb gjer\u00eb, i cili nis nga telekomunikacioni e deri tek investimet n\u00eb turiz\u00ebm.<\/p>\n<p>Pak muaj m\u00eb par\u00eb u raportua se Amant Josifi u ndalua n\u00eb Dubai p\u00ebr llogari t\u00eb autoriteteve spanjolle.<\/p>\n<p>Nd\u00ebrkoh\u00eb, n\u00eb Shqip\u00ebri, ku besohet se ai ka drejtuar rrjetin e call-center-ave mashtrues, asnj\u00eb autoritet nuk merr guximin t\u00eb hetoj\u00eb mikun e familjes kryeministrore, p\u00ebrtej deklaratave t\u00eb kreut t\u00eb SPAK-ut, Altin Dumani, i cili thekson se t\u00eb gjith\u00eb jan\u00eb t\u00eb barabart\u00eb para ligjit.<\/p>\n","protected":false},"excerpt":{"rendered":"<p>Prokuroria e Posa\u00e7me njoftoi n\u00ebp\u00ebrmjet nj\u00eb deklarate t\u00eb gjat\u00eb dhe t\u00eb detajuar se ka d\u00ebrguar p\u00ebr gjykim disa persona, t\u00eb cil\u00ebt akuzohen se kan\u00eb mashtruar shtetas italian\u00eb n\u00ebp\u00ebrmjet call-center, n\u00eb nj\u00eb vler\u00eb rreth 1.4 milion\u00eb euro. Emrat e p\u00ebrfshir\u00eb n\u00eb k\u00ebt\u00eb skem\u00eb jan\u00eb \u201cpeshq t\u00eb vegj\u00ebl\u201d dhe t\u00ebr\u00ebsisht anonim\u00eb p\u00ebr publikun, megjith\u00ebse mashtrimin e pretenduar &hellip;<\/p>\n","protected":false},"author":4,"featured_media":40608,"comment_status":"closed","ping_status":"closed","sticky":false,"template":"","format":"standard","meta":{"footnotes":""},"categories":[37],"tags":[],"class_list":["post-70047","post","type-post","status-publish","format-standard","has-post-thumbnail","","category-politike"],"_links":{"self":[{"href":"https:\/\/rdnews.al\/index.php\/wp-json\/wp\/v2\/posts\/70047","targetHints":{"allow":["GET"]}}],"collection":[{"href":"https:\/\/rdnews.al\/index.php\/wp-json\/wp\/v2\/posts"}],"about":[{"href":"https:\/\/rdnews.al\/index.php\/wp-json\/wp\/v2\/types\/post"}],"author":[{"embeddable":true,"href":"https:\/\/rdnews.al\/index.php\/wp-json\/wp\/v2\/users\/4"}],"replies":[{"embeddable":true,"href":"https:\/\/rdnews.al\/index.php\/wp-json\/wp\/v2\/comments?post=70047"}],"version-history":[{"count":0,"href":"https:\/\/rdnews.al\/index.php\/wp-json\/wp\/v2\/posts\/70047\/revisions"}],"wp:featuredmedia":[{"embeddable":true,"href":"https:\/\/rdnews.al\/index.php\/wp-json\/wp\/v2\/media\/40608"}],"wp:attachment":[{"href":"https:\/\/rdnews.al\/index.php\/wp-json\/wp\/v2\/media?parent=70047"}],"wp:term":[{"taxonomy":"category","embeddable":true,"href":"https:\/\/rdnews.al\/index.php\/wp-json\/wp\/v2\/categories?post=70047"},{"taxonomy":"post_tag","embeddable":true,"href":"https:\/\/rdnews.al\/index.php\/wp-json\/wp\/v2\/tags?post=70047"}],"curies":[{"name":"wp","href":"https:\/\/api.w.org\/{rel}","templated":true}]}}