{"id":70049,"date":"2024-01-30T17:16:49","date_gmt":"2024-01-30T17:16:49","guid":{"rendered":"https:\/\/rdnews.al\/?p=70049"},"modified":"2024-01-30T17:16:49","modified_gmt":"2024-01-30T17:16:49","slug":"noka-pd-do-perballet-me-regjimin-rama-po-instalon-neodiktaturen","status":"publish","type":"post","link":"https:\/\/rdnews.al\/index.php\/2024\/01\/30\/noka-pd-do-perballet-me-regjimin-rama-po-instalon-neodiktaturen\/","title":{"rendered":"Noka: PD do p\u00ebrballet me regjimin! Rama po instalon neodiktatur\u00ebn!"},"content":{"rendered":"<p><strong>Prononcim p\u00ebr mediat nga selia e PD e Sekretarit t\u00eb P\u00ebrgjithsh\u00ebm t\u00eb PD, Flamur Noka<\/strong><\/p>\n<p>P\u00ebr t\u00eb burgosur opozit\u00ebn dhe p\u00ebr ta asgj\u00ebsuar at\u00eb. Situata \u00ebsht\u00eb edhe m\u00eb e r\u00ebnd\u00eb dhe kryesia mori n\u00eb shqyrtim edhe situat\u00ebn n\u00eb parlament. Vendimet p\u00ebr t\u00eb p\u00ebrjashtuar dhe p\u00ebr t\u00eb shpallur armiq deputet\u00ebt e opozit\u00ebs, t\u00eb cil\u00ebt t\u00eb pakt\u00ebn n\u00eb seanc\u00ebn e fundit demonstruan n\u00eb m\u00ebnyr\u00eb krejt\u00ebsisht brenda rregullores me pankarta, tregon q\u00eb k\u00ebtu regjimi ka nj\u00eb vullnet p\u00ebr t\u00eb asgj\u00ebsuar \u00e7do gj\u00eb, \u00e7do forc\u00eb, \u00e7do aktor politik apo jo q\u00eb \u00ebsht\u00eb kund\u00ebrshtar dhe nuk bie dakord t\u00eb bjer\u00eb n\u00eb kthetrat e tij.<\/p>\n<p>Edi Rama p\u00ebrfundimisht po hedh hapat m\u00eb t\u00eb rreziksh\u00ebm t\u00eb instalimit t\u00eb nj\u00eb neodiktature, t\u00eb asgj\u00ebsimit t\u00eb pluralizmit, duke shkelmuar opozit\u00ebn duke i mohuar t\u00eb drejtat asaj dhe duke tentuar ta asgj\u00ebsoj\u00eb.<\/p>\n<p>PD \u00ebsht\u00eb e vendosur p\u00ebr ti q\u00ebndruar p\u00ebrball\u00eb dhe kjo kryesi e saj diskutoi format m\u00ebnyrat e diversifikimit t\u00eb aksionit ton\u00eb p\u00ebr ta p\u00ebrshkall\u00ebzuar at\u00eb p\u00ebr t\u00eb ecur drejt mosbindjes civile si e vetmja form\u00eb p\u00ebr t\u00eb \u00e7liruar Shqip\u00ebrin\u00eb nga ky oktapod i rrezikshm\u00eb dhe p\u00ebr t\u00eb ringjallur p\u00ebrs\u00ebri shpres\u00ebn se n\u00eb Shqip\u00ebri mund t\u00eb ket\u00eb demokraci dhe liri.<\/p>\n<p>U diskutuan edhe \u00e7\u00ebshtje t\u00eb tjera organizative, zyra e organizimit do t\u00eb forcohet me 4 koordinator\u00eb organizativ\u00eb, zoti K\u00eblli\u00e7i do t\u00eb jet\u00eb drejtuesi politik i Tiran\u00ebs dhe vendime t\u00eb tjera organizative.<\/p>\n<p><strong>Pyetje: Ke vendosur dat\u00ebn e mbajtjes s\u00eb nj\u00eb proteste komb\u00ebtare?<\/strong><\/p>\n<p><strong>Flamur Noka:\u00a0<\/strong>K\u00ebtu do t\u00eb jemi dhe do t\u00eb vijm\u00eb te ajo dit\u00eb. Ne tani kemi nj\u00eb vend ku edhe protestojm\u00eb por edhe kemi transferuar parlamentin e shqiptar\u00ebve dhe ajo \u00ebsht\u00eb \u2018Rruga e Shpres\u00ebs\u2019.<\/p>\n<p>Pastaj u diskutuan edhe format e p\u00ebrshkall\u00ebzimit duke zbritur n\u00eb t\u00eb gjitha deg\u00ebt e Shqip\u00ebris\u00eb dhe do t\u00eb ket\u00eb protesta dhe mosbindje civile n\u00eb t\u00eb gjitha qarqet dhe n\u00eb \u00e7do rrugic\u00eb t\u00eb vendit.<\/p>\n<p><strong>Pyetje: A u diskutua bashkimi me deputet\u00ebt e tjer\u00eb dhe a do t\u00eb ket\u00eb nj\u00eb mbledhje t\u00eb p\u00ebrbashk\u00ebt t\u00eb deputet\u00ebve gjat\u00eb k\u00ebsaj jave meq\u00ebn\u00ebse \u00ebsht\u00eb java e gjelb\u00ebr p\u00ebr t\u00eb diskutuar edhe 19 p\u00ebrjashtimet t\u00eb cilat u miratuan dit\u00ebn e djeshme nga Komisioni i Etik\u00ebs dhe si po shkon procesi i bashkimit me deputet\u00ebt q\u00eb ndjekin zotin Bardhi?<\/strong><\/p>\n<p><strong>Flamur Noka:<\/strong>\u00a0Kukuvajkat e regjimit, se nj\u00eb zonj\u00eb q\u00eb donte t\u00eb shkat\u00ebrronte aksionin opozitar u kritikua nga koleg\u00ebt e saj, ngrit\u00ebn nj\u00eb tymnaj\u00eb t\u00eb madhe sikur grat\u00eb po dhunoheshin, pse ajo zonj\u00eb u keqp\u00ebrdor\u00eb.<\/p>\n<p>Dje dhe sot kemi par\u00eb propozim dhe vendim p\u00ebr t\u00eb dhunuar t\u00eb gjitha zonjat deputete t\u00eb PD, t\u00eb cilat n\u00eb m\u00ebnyr\u00ebn m\u00eb civile dhe qytetare me pankarta n\u00eb duar protestuan kund\u00ebr shkeljes s\u00eb Kushtetut\u00ebs, protestuan kund\u00ebr mohimit t\u00eb t\u00eb drejtave t\u00eb opozti\u00ebs dhe kund\u00ebr dhunimit t\u00eb fjal\u00ebs s\u00eb lir\u00eb dhe deputet\u00ebve n\u00eb parlament. Pse protestuan, k\u00ebto zonja po shpallen armike nga Linda e parlamentit dhe shoqet e saj, e kuptoni ku \u00ebsht\u00eb demokracia?<\/p>\n<p>E keqp\u00ebrdor\u00ebn nj\u00eb deputete dhe ngrit\u00ebn nj\u00eb tymnaj\u00eb t\u00eb madhe, nd\u00ebrkoh\u00eb dhunohen po nga Linda dhe nga ato q\u00eb e keqp\u00ebrdoren dhunohen zonjat e parlamentit pse protestuan n\u00eb m\u00ebnyr\u00eb civile dhe qytetate. Ja ky \u00ebsht\u00eb bashkimi t\u00ebr\u00ebsor ose fuzioni i plot\u00eb i deputet\u00ebve t\u00eb grupit parlamentar n\u00eb PD ka marr\u00eb prej koh\u00ebsh bekimin e kryesis\u00eb s\u00eb PD. Kjo \u00ebsht\u00eb nj\u00eb k\u00ebrkes\u00eb e kahershme e \u00e7do demokrati n\u00eb baz\u00eb dhe sigurisht kryesia i ka hapur rrug\u00eb dhe ka dh\u00ebn\u00eb bekim p\u00ebr k\u00ebt\u00eb. \u00c7\u00ebshtje dit\u00ebsh do t\u00eb merrni dhe lajmin e k\u00ebtij bashkimi t\u00ebr\u00ebsor n\u00eb PD t\u00eb deputet\u00ebve.<\/p>\n<p><strong>Pyetje: Kat\u00ebr koordinator\u00ebt q\u00eb u vendos\u00ebn sot si jan\u00eb ndar\u00eb n\u00eb zonat e Shqip\u00ebris\u00eb?<\/strong><\/p>\n<p><strong>Flamur Noka:<\/strong>\u00a0Kat\u00ebr koordinator\u00ebt jan\u00eb ndihm\u00ebs n\u00eb pun\u00ebt dhe \u00e7\u00ebshtjet e organizimit t\u00eb partis\u00eb. Ata ndihmojn\u00eb kryetarin, sekretarin e p\u00ebrgjithsh\u00ebm dhe zyr\u00ebn e organizimit p\u00ebr \u00e7\u00ebshtjet organizative t\u00eb PD. Kryesia miratoi propozimin e kryetarit dhe ata q\u00eb nes\u00ebr do t\u00eb fillojn\u00eb pun\u00ebn.<\/p>\n<p>Partia ka nevoj\u00eb p\u00ebr tu fuqizuar p\u00ebr tu organizuar partia do ristrukturohet do ringrihet dhe do p\u00ebrballet me k\u00ebt\u00eb regjim.<\/p>\n","protected":false},"excerpt":{"rendered":"<p>Prononcim p\u00ebr mediat nga selia e PD e Sekretarit t\u00eb P\u00ebrgjithsh\u00ebm t\u00eb PD, Flamur Noka P\u00ebr t\u00eb burgosur opozit\u00ebn dhe p\u00ebr ta asgj\u00ebsuar at\u00eb. Situata \u00ebsht\u00eb edhe m\u00eb e r\u00ebnd\u00eb dhe kryesia mori n\u00eb shqyrtim edhe situat\u00ebn n\u00eb parlament. Vendimet p\u00ebr t\u00eb p\u00ebrjashtuar dhe p\u00ebr t\u00eb shpallur armiq deputet\u00ebt e opozit\u00ebs, t\u00eb cil\u00ebt t\u00eb pakt\u00ebn &hellip;<\/p>\n","protected":false},"author":4,"featured_media":70050,"comment_status":"closed","ping_status":"closed","sticky":false,"template":"","format":"standard","meta":{"footnotes":""},"categories":[37],"tags":[],"class_list":["post-70049","post","type-post","status-publish","format-standard","has-post-thumbnail","","category-politike"],"_links":{"self":[{"href":"https:\/\/rdnews.al\/index.php\/wp-json\/wp\/v2\/posts\/70049","targetHints":{"allow":["GET"]}}],"collection":[{"href":"https:\/\/rdnews.al\/index.php\/wp-json\/wp\/v2\/posts"}],"about":[{"href":"https:\/\/rdnews.al\/index.php\/wp-json\/wp\/v2\/types\/post"}],"author":[{"embeddable":true,"href":"https:\/\/rdnews.al\/index.php\/wp-json\/wp\/v2\/users\/4"}],"replies":[{"embeddable":true,"href":"https:\/\/rdnews.al\/index.php\/wp-json\/wp\/v2\/comments?post=70049"}],"version-history":[{"count":0,"href":"https:\/\/rdnews.al\/index.php\/wp-json\/wp\/v2\/posts\/70049\/revisions"}],"wp:featuredmedia":[{"embeddable":true,"href":"https:\/\/rdnews.al\/index.php\/wp-json\/wp\/v2\/media\/70050"}],"wp:attachment":[{"href":"https:\/\/rdnews.al\/index.php\/wp-json\/wp\/v2\/media?parent=70049"}],"wp:term":[{"taxonomy":"category","embeddable":true,"href":"https:\/\/rdnews.al\/index.php\/wp-json\/wp\/v2\/categories?post=70049"},{"taxonomy":"post_tag","embeddable":true,"href":"https:\/\/rdnews.al\/index.php\/wp-json\/wp\/v2\/tags?post=70049"}],"curies":[{"name":"wp","href":"https:\/\/api.w.org\/{rel}","templated":true}]}}