{"id":70177,"date":"2024-02-01T09:55:07","date_gmt":"2024-02-01T09:55:07","guid":{"rendered":"https:\/\/rdnews.al\/?p=70177"},"modified":"2024-02-01T09:55:07","modified_gmt":"2024-02-01T09:55:07","slug":"avokati-i-vetmi-qellim-i-gjykates-dhe-i-politikes-qe-fshihet-pas-saj-eshte-djegia-e-mandatit-te-deputetit-te-berishes","status":"publish","type":"post","link":"https:\/\/rdnews.al\/index.php\/2024\/02\/01\/avokati-i-vetmi-qellim-i-gjykates-dhe-i-politikes-qe-fshihet-pas-saj-eshte-djegia-e-mandatit-te-deputetit-te-berishes\/","title":{"rendered":"Avokati: I vetmi q\u00ebllim i gjykat\u00ebs dhe i politik\u00ebs q\u00eb fshihet pas saj \u00ebsht\u00eb djegia e mandatit t\u00eb deputetit t\u00eb Berish\u00ebs"},"content":{"rendered":"<p>Genc Gjokutaj, avokati i liderit t\u00eb opozit\u00ebs, Sali Berisha, deklaroi n\u00eb p\u00ebrfundim t\u00eb seanc\u00ebs s\u00eb radh\u00ebs n\u00eb SPAK se, me vendimin e sot\u00ebm u dekriptua n\u00eb plot\u00ebsisht q\u00ebllimi politik q\u00eb po p\u00ebrmbush gjykata p\u00ebr t\u2019i djegur mandatin e deputetit Berisha.<\/p>\n<p>\u201cNe kemi vijuar me ankimin e rr\u00ebzimit. Sot ishte seanca p\u00ebr shqyrtimin e k\u00ebtij ankimi me nj\u00eb paradoks. Sot \u00ebsht\u00eb dekriptuar plot\u00ebsisht se q\u00ebllimi politik po realizohet n\u00eb m\u00ebnyr\u00eb rigoroze nga kjo gjykat\u00eb. Pse?! N\u00eb koh\u00ebn e marrjes s\u00eb masave s\u00eb sigurimit n\u00eb tetor ndaj z. Berisha, masat ishin t\u00eb pakomunikuara dhe ata i konsideronin t\u00eb komunikuara dhe t\u00eb ekzekutuara. Sot ndodh e kund\u00ebrta.<\/p>\n<p>Nd\u00ebrkoh\u00eb q\u00eb flet\u00ebthirrjen e ka firmosur e bija e z. Berisha dhe ka nj\u00eb raport t\u00eb Policis\u00eb q\u00eb z. Berisha ka marr\u00eb dijeni, Gjykata nuk e konsideron k\u00ebt\u00eb si t\u00eb njoftuar dhe shtyn seanc\u00ebn. E gjith\u00eb shtyrja e seanc\u00ebs \u00ebsht\u00eb p\u00ebr t\u00eb vonuar, si\u00e7 caktoi edhe dat\u00ebn pas dhjet\u00eb dit\u00ebsh, \u00ebsht\u00eb p\u00ebr t\u00eb vonuar gjykimin e k\u00ebsaj k\u00ebrkese, sepse i vetmi q\u00ebllim i k\u00ebsaj gjykate dhe i politik\u00ebs q\u00eb fshihet pas saj \u00ebsht\u00eb djegia e mandatit t\u00eb deputetit t\u00eb z. Berisha.<\/p>\n<p>Ajo \u00ebsht\u00eb shtyr\u00eb p\u00ebr n\u00eb dat\u00ebn 8 shkurt, t\u00eb shikojm\u00eb se \u00e7\u2019marifet tjet\u00ebr do t\u00eb nxjerr\u00eb gjykata\u201d, tha avokati Gjokutaj.<\/p>\n","protected":false},"excerpt":{"rendered":"<p>Genc Gjokutaj, avokati i liderit t\u00eb opozit\u00ebs, Sali Berisha, deklaroi n\u00eb p\u00ebrfundim t\u00eb seanc\u00ebs s\u00eb radh\u00ebs n\u00eb SPAK se, me vendimin e sot\u00ebm u dekriptua n\u00eb plot\u00ebsisht q\u00ebllimi politik q\u00eb po p\u00ebrmbush gjykata p\u00ebr t\u2019i djegur mandatin e deputetit Berisha. \u201cNe kemi vijuar me ankimin e rr\u00ebzimit. Sot ishte seanca p\u00ebr shqyrtimin e k\u00ebtij ankimi &hellip;<\/p>\n","protected":false},"author":4,"featured_media":69551,"comment_status":"closed","ping_status":"closed","sticky":false,"template":"","format":"standard","meta":{"footnotes":""},"categories":[37],"tags":[],"class_list":["post-70177","post","type-post","status-publish","format-standard","has-post-thumbnail","","category-politike"],"_links":{"self":[{"href":"https:\/\/rdnews.al\/index.php\/wp-json\/wp\/v2\/posts\/70177","targetHints":{"allow":["GET"]}}],"collection":[{"href":"https:\/\/rdnews.al\/index.php\/wp-json\/wp\/v2\/posts"}],"about":[{"href":"https:\/\/rdnews.al\/index.php\/wp-json\/wp\/v2\/types\/post"}],"author":[{"embeddable":true,"href":"https:\/\/rdnews.al\/index.php\/wp-json\/wp\/v2\/users\/4"}],"replies":[{"embeddable":true,"href":"https:\/\/rdnews.al\/index.php\/wp-json\/wp\/v2\/comments?post=70177"}],"version-history":[{"count":0,"href":"https:\/\/rdnews.al\/index.php\/wp-json\/wp\/v2\/posts\/70177\/revisions"}],"wp:featuredmedia":[{"embeddable":true,"href":"https:\/\/rdnews.al\/index.php\/wp-json\/wp\/v2\/media\/69551"}],"wp:attachment":[{"href":"https:\/\/rdnews.al\/index.php\/wp-json\/wp\/v2\/media?parent=70177"}],"wp:term":[{"taxonomy":"category","embeddable":true,"href":"https:\/\/rdnews.al\/index.php\/wp-json\/wp\/v2\/categories?post=70177"},{"taxonomy":"post_tag","embeddable":true,"href":"https:\/\/rdnews.al\/index.php\/wp-json\/wp\/v2\/tags?post=70177"}],"curies":[{"name":"wp","href":"https:\/\/api.w.org\/{rel}","templated":true}]}}