{"id":70181,"date":"2024-02-01T10:39:25","date_gmt":"2024-02-01T10:39:25","guid":{"rendered":"https:\/\/rdnews.al\/?p=70181"},"modified":"2024-02-01T10:39:25","modified_gmt":"2024-02-01T10:39:25","slug":"protesta-ne-bruksel-fermeret-djegin-traktoret-perpara-parlamentit-europian","status":"publish","type":"post","link":"https:\/\/rdnews.al\/index.php\/2024\/02\/01\/protesta-ne-bruksel-fermeret-djegin-traktoret-perpara-parlamentit-europian\/","title":{"rendered":"Protesta n\u00eb Bruksel, fermer\u00ebt djegin traktor\u00ebt p\u00ebrpara Parlamentit Europian"},"content":{"rendered":"<p>Situata \u00ebsht\u00eb p\u00ebrshkall\u00ebzuar n\u00eb Bruksel, ku fermer\u00ebt jan\u00eb mbledhur p\u00ebrpara Parlamentit Europian, duke djegur traktor\u00ebt.<\/p>\n<p>Edhe pse protestat e fermer\u00ebve, nuk jan\u00eb n\u00eb axhend\u00ebn zyrtare p\u00ebr samitin e Brukselit, ata u mblodh\u00ebn p\u00ebr t\u00eb k\u00ebrkuar t\u00eb drejtat e tyre.<\/p>\n<p><iframe loading=\"lazy\" title=\"LIVE | Belgian Tractors Park Up in Front of the EU Parliament | News9\" src=\"https:\/\/www.youtube.com\/embed\/ez4DHT1Xc2c\" width=\"821\" height=\"360\" frameborder=\"0\" allowfullscreen=\"allowfullscreen\" data-mce-fragment=\"1\"><\/iframe><\/p>\n<p>Sipas informacioneve t\u00eb fundit, nj\u00eb mij\u00eb traktor\u00eb u mblodh\u00ebn n\u00eb vendin ku do t\u00eb zhvillohet samiti, nd\u00ebrsa protestuesit jan\u00eb kryesisht nga Belgjika.<\/p>\n<p>Fermer\u00ebt rr\u00ebzuan nj\u00eb statuj\u00eb historike n\u00eb Sheshin e Luksemburgut, nd\u00ebrkoh\u00eb q\u00eb u raportua edh p\u00ebr p\u00ebrleshje me policin\u00eb.<\/p>\n<div class=\"d-flex justify-content-center\">\n<div id=\"div-gpt-ad-1631887918239-0\" data-google-query-id=\"CLTtx4_5iYQDFT3Quwgd4LwIqQ\">\n<div id=\"google_ads_iframe_\/317720835\/albeu.com_mobile_300x250_2_0__container__\">Nd\u00ebrkoh\u00eb, dit\u00ebn e djeshme, fermer\u00ebt francez\u00eb dhe belg\u00eb bllokuan nj\u00eb pik\u00eb kalimi n\u00eb kufirin mes dy vendeve.<\/div>\n<\/div>\n<\/div>\n<p>N\u00eb Franc\u00eb, situata u p\u00ebrshkall\u00ebzua edhe m\u00eb shum\u00eb mbr\u00ebmjen e s\u00eb m\u00ebrkur\u00ebs, me arrestimet e para t\u00eb fermer\u00ebve q\u00eb donin t\u00eb bllokonin tregun Ranji, qendr\u00ebn ushqimore t\u00eb rajonit t\u00eb Parisit.<\/p>\n<p>Gjithsej 91 persona u arrestuan n\u00eb or\u00ebt e vona t\u00eb pasdites, pas nj\u00eb bastisjeje n\u00eb ambientet e k\u00ebtij tregu me shumic\u00eb, pas d\u00ebm\u00ebve t\u00eb shkaktuara.<\/p>\n<p>Ndihma e shpallur dje nga qeveria franceze dhe koncesionet e Komisionit Europian dhe importet nga Ukraina, duket se nuk i k\u00ebnaqi fermer\u00ebt, t\u00eb cil\u00ebt po mobilizohen edhe n\u00eb Itali, Spanj\u00eb dhe Gjermani.<\/p>\n","protected":false},"excerpt":{"rendered":"<p>Situata \u00ebsht\u00eb p\u00ebrshkall\u00ebzuar n\u00eb Bruksel, ku fermer\u00ebt jan\u00eb mbledhur p\u00ebrpara Parlamentit Europian, duke djegur traktor\u00ebt. Edhe pse protestat e fermer\u00ebve, nuk jan\u00eb n\u00eb axhend\u00ebn zyrtare p\u00ebr samitin e Brukselit, ata u mblodh\u00ebn p\u00ebr t\u00eb k\u00ebrkuar t\u00eb drejtat e tyre. Sipas informacioneve t\u00eb fundit, nj\u00eb mij\u00eb traktor\u00eb u mblodh\u00ebn n\u00eb vendin ku do t\u00eb zhvillohet samiti, &hellip;<\/p>\n","protected":false},"author":4,"featured_media":70182,"comment_status":"closed","ping_status":"closed","sticky":false,"template":"","format":"standard","meta":{"footnotes":""},"categories":[38],"tags":[],"class_list":["post-70181","post","type-post","status-publish","format-standard","has-post-thumbnail","","category-bota"],"_links":{"self":[{"href":"https:\/\/rdnews.al\/index.php\/wp-json\/wp\/v2\/posts\/70181","targetHints":{"allow":["GET"]}}],"collection":[{"href":"https:\/\/rdnews.al\/index.php\/wp-json\/wp\/v2\/posts"}],"about":[{"href":"https:\/\/rdnews.al\/index.php\/wp-json\/wp\/v2\/types\/post"}],"author":[{"embeddable":true,"href":"https:\/\/rdnews.al\/index.php\/wp-json\/wp\/v2\/users\/4"}],"replies":[{"embeddable":true,"href":"https:\/\/rdnews.al\/index.php\/wp-json\/wp\/v2\/comments?post=70181"}],"version-history":[{"count":0,"href":"https:\/\/rdnews.al\/index.php\/wp-json\/wp\/v2\/posts\/70181\/revisions"}],"wp:featuredmedia":[{"embeddable":true,"href":"https:\/\/rdnews.al\/index.php\/wp-json\/wp\/v2\/media\/70182"}],"wp:attachment":[{"href":"https:\/\/rdnews.al\/index.php\/wp-json\/wp\/v2\/media?parent=70181"}],"wp:term":[{"taxonomy":"category","embeddable":true,"href":"https:\/\/rdnews.al\/index.php\/wp-json\/wp\/v2\/categories?post=70181"},{"taxonomy":"post_tag","embeddable":true,"href":"https:\/\/rdnews.al\/index.php\/wp-json\/wp\/v2\/tags?post=70181"}],"curies":[{"name":"wp","href":"https:\/\/api.w.org\/{rel}","templated":true}]}}