{"id":70198,"date":"2024-02-01T12:16:15","date_gmt":"2024-02-01T12:16:15","guid":{"rendered":"https:\/\/rdnews.al\/?p=70198"},"modified":"2024-02-01T12:20:57","modified_gmt":"2024-02-01T12:20:57","slug":"alimehmeti-buxheti-i-tiranes-jo-per-arsimin-sherbimet-publike-zjarret-po-per-xhepat-e-pak-njerezve","status":"publish","type":"post","link":"https:\/\/rdnews.al\/index.php\/2024\/02\/01\/alimehmeti-buxheti-i-tiranes-jo-per-arsimin-sherbimet-publike-zjarret-po-per-xhepat-e-pak-njerezve\/","title":{"rendered":"Alimehmeti: Buxheti i Tiran\u00ebs jo p\u00ebr arsimin, sh\u00ebrbimet publike, zjarret, por p\u00ebr xhepat e pak njer\u00ebzve"},"content":{"rendered":"<p>Ilir Alimehmeti, Kryetar i K\u00ebshilltar\u00ebve Demokrat\u00eb n\u00eb Bashkin\u00eb e Tiran\u00ebs, ka b\u00ebr\u00eb transparente para qytetar\u00ebve t\u00eb Tiran\u00ebs n\u00eb ve\u00e7anti, se ku \u00ebsht\u00eb fokusuar buxheti i Bashkis\u00eb s\u00eb Tiran\u00ebs p\u00ebr k\u00ebt\u00eb vit, i bashkis\u00eb s\u00eb drejtuar nga socialisti Erion Veliaj.<\/p>\n<p>Duke hequr nj\u00eb paralele midis ulje-ngritjeve se ku jan\u00eb drejtuar fondet, Alimehmeti v\u00ebrejti se rritje kan\u00eb p\u00ebrfituar pik\u00ebrisht ato shpenzime q\u00eb shkojn\u00eb n\u00eb xhepat e pak njer\u00ebzve dhe ulje, t\u00eb gjitha sh\u00ebrbimet direkte p\u00ebr qytetar\u00ebt.<\/p>\n<p>N\u00eb nj\u00eb konferenc\u00eb shtypi sot s\u00eb bashku me grupin e k\u00ebshilltar\u00ebve t\u00eb opozit\u00ebs, Alimehmeti nd\u00ebr t\u00eb tjera tha:<\/p>\n<p>\u201cT\u00eb vetmet shpenzime q\u00eb jan\u00eb rritur jan\u00eb rritur shpenzimet p\u00ebr administrat\u00ebn, p\u00ebr Policin\u00eb bashkiake (q\u00eb nuk ka asgj\u00eb t\u00eb keqe t\u00eb rriten se ata po zbatojn\u00eb ligjet, por ligjet jan\u00eb t\u00eb vendosura jo sakt\u00eb, jo n\u00eb favor t\u00eb qytetar\u00ebve) si dhe jan\u00eb rritur p\u00ebr incenerator\u00ebt. K\u00ebta jan\u00eb tri z\u00ebrat e vet\u00ebm p\u00ebr t\u00eb cil\u00ebt jan\u00eb rritur shpenzimet n\u00eb 2024-\u00ebn nga bashkia e Tiran\u00ebs.<\/p>\n<p>Po p\u00ebr \u00e7far\u00eb jan\u00eb ulur shpenzimet n\u00eb Tiran\u00eb?!<\/p>\n<p>Jan\u00eb ulur p\u00ebr arsimin baz\u00eb, p\u00ebr f\u00ebmij\u00ebt tan\u00eb. Jan\u00eb ulur p\u00ebr t\u00eb rinjt\u00eb. Jan\u00eb ulur p\u00ebr sportin dhe arg\u00ebtimin. Jan\u00eb ulur p\u00ebr trash\u00ebgimin\u00eb kulturore. Jan\u00eb ulur p\u00ebr sh\u00ebrbimet publike. Jan\u00eb ulur p\u00ebr mbrojtjen nga zjarri dhe jan\u00eb ulur p\u00ebr mbrojtjen nga p\u00ebrmbytjet dhe nj\u00eb s\u00ebr\u00eb sh\u00ebrbimesh t\u00eb tjera q\u00eb i sh\u00ebrbejn\u00eb pik\u00ebrisht qytetarit. \u00c7do sh\u00ebrbim q\u00eb i sh\u00ebrben qytetarit ka pasur r\u00ebnie n\u00eb buxhetin 20024 dhe \u00e7do sh\u00ebrbim q\u00eb i sh\u00ebrben xhepave t\u00eb pak njer\u00ebzve kan\u00eb p\u00ebsuar rritje, duke nisur nga inceneratori i pari, ku nuk ka asnj\u00eb tull\u00eb t\u00eb vetme t\u00eb vendosur\u201d, tha Alimehmeti.<\/p>\n","protected":false},"excerpt":{"rendered":"<p>Ilir Alimehmeti, Kryetar i K\u00ebshilltar\u00ebve Demokrat\u00eb n\u00eb Bashkin\u00eb e Tiran\u00ebs, ka b\u00ebr\u00eb transparente para qytetar\u00ebve t\u00eb Tiran\u00ebs n\u00eb ve\u00e7anti, se ku \u00ebsht\u00eb fokusuar buxheti i Bashkis\u00eb s\u00eb Tiran\u00ebs p\u00ebr k\u00ebt\u00eb vit, i bashkis\u00eb s\u00eb drejtuar nga socialisti Erion Veliaj. Duke hequr nj\u00eb paralele midis ulje-ngritjeve se ku jan\u00eb drejtuar fondet, Alimehmeti v\u00ebrejti se rritje kan\u00eb &hellip;<\/p>\n","protected":false},"author":4,"featured_media":70199,"comment_status":"closed","ping_status":"closed","sticky":false,"template":"","format":"standard","meta":{"footnotes":""},"categories":[37],"tags":[],"class_list":["post-70198","post","type-post","status-publish","format-standard","has-post-thumbnail","","category-politike"],"_links":{"self":[{"href":"https:\/\/rdnews.al\/index.php\/wp-json\/wp\/v2\/posts\/70198","targetHints":{"allow":["GET"]}}],"collection":[{"href":"https:\/\/rdnews.al\/index.php\/wp-json\/wp\/v2\/posts"}],"about":[{"href":"https:\/\/rdnews.al\/index.php\/wp-json\/wp\/v2\/types\/post"}],"author":[{"embeddable":true,"href":"https:\/\/rdnews.al\/index.php\/wp-json\/wp\/v2\/users\/4"}],"replies":[{"embeddable":true,"href":"https:\/\/rdnews.al\/index.php\/wp-json\/wp\/v2\/comments?post=70198"}],"version-history":[{"count":0,"href":"https:\/\/rdnews.al\/index.php\/wp-json\/wp\/v2\/posts\/70198\/revisions"}],"wp:featuredmedia":[{"embeddable":true,"href":"https:\/\/rdnews.al\/index.php\/wp-json\/wp\/v2\/media\/70199"}],"wp:attachment":[{"href":"https:\/\/rdnews.al\/index.php\/wp-json\/wp\/v2\/media?parent=70198"}],"wp:term":[{"taxonomy":"category","embeddable":true,"href":"https:\/\/rdnews.al\/index.php\/wp-json\/wp\/v2\/categories?post=70198"},{"taxonomy":"post_tag","embeddable":true,"href":"https:\/\/rdnews.al\/index.php\/wp-json\/wp\/v2\/tags?post=70198"}],"curies":[{"name":"wp","href":"https:\/\/api.w.org\/{rel}","templated":true}]}}