{"id":70201,"date":"2024-02-01T12:19:53","date_gmt":"2024-02-01T12:19:53","guid":{"rendered":"https:\/\/rdnews.al\/?p=70201"},"modified":"2024-02-01T12:19:53","modified_gmt":"2024-02-01T12:19:53","slug":"zhulali-erion-veliaj-e-mban-pushtetin-e-tij-vetem-me-parate-e-krimit-dhe-betonit","status":"publish","type":"post","link":"https:\/\/rdnews.al\/index.php\/2024\/02\/01\/zhulali-erion-veliaj-e-mban-pushtetin-e-tij-vetem-me-parate-e-krimit-dhe-betonit\/","title":{"rendered":"Zhulali: Erion Veliaj e mban pushtetin e tij vet\u00ebm me parat\u00eb e krimit dhe betonit!"},"content":{"rendered":"<p>K\u00ebshilltarja e PD n\u00eb K\u00ebshillin Bashkiak t\u00eb Tiran\u00ebs, Ilda Zhulali, e ka akuzuar drejtp\u00ebrs\u00ebdrejti sot kryebashkiakun Erion Veliaj se e mban t\u00eb gjith\u00eb pushtetin e tij vet\u00ebm nga parat\u00eb e krimit, vet\u00ebm nga parat\u00eb e betonit. \u201cPo t\u2019ia heq\u00ebsh Erion Velis\u00eb k\u00ebt\u00eb mekaniz\u00ebm, ai \u00ebsht\u00eb nj\u00eb asgj\u00eb,\u201d tha znj. Zhulali gjat\u00eb nj\u00eb konference t\u00eb p\u00ebrbashk\u00ebt shtypi me k\u00ebshilltar\u00ebt e tjer\u00eb t\u00eb opozit\u00ebs.<\/p>\n<p>\u201cNe dje kishim mbledhjen e fundit t\u00eb K\u00ebshillit Bashkiak t\u00eb Tiran\u00ebs dhe \u00e7far\u00eb t\u00eb themi?! Mund t\u00eb themi q\u00eb p\u00ebrfundimisht n\u00eb k\u00ebt\u00eb qytet mbret\u00ebron paturp\u00ebsia sepse k\u00ebt\u00eb qytet e p\u00ebrfaq\u00ebson paturp\u00ebsia. Kryetari i bashkis\u00eb, q\u00eb ka paturp\u00ebsin\u00eb q\u00eb t\u00eb pohoj\u00eb publikisht se ka mbjell\u00eb 1 milion pem\u00eb n\u00eb k\u00ebt\u00eb vend, q\u00eb paturp\u00ebsisht e ka betonizuar Tiran\u00ebn n\u00eb \u00e7do cep dhe n\u00eb \u00e7do skaj t\u00eb saj, q\u00eb paturp\u00ebsisht refuzon t\u00eb b\u00ebj\u00eb transparenc\u00eb \u00a0p\u00ebr qytetar\u00ebt se si e ka shnd\u00ebrruar Tiran\u00ebn n\u00eb krematorium me nivele alarmante t\u00eb ajrit t\u00eb ndotur dhe t\u00eb gjitha k\u00ebto p\u00ebrpiqet q\u00eb t\u2019i censuroj\u00eb n\u00eb m\u00ebnyr\u00eb t\u00eb pashembullt, na japin nj\u00eb panoram\u00eb q\u00eb e kemi par\u00eb edhe n\u00eb Kuvendin e Shqip\u00ebris\u00eb, e shikojm\u00eb dhe n\u00eb \u00e7do institucion tjet\u00ebr n\u00eb Shqip\u00ebri. \u00c7far\u00eb shikojm\u00eb \u00ebsht\u00eb munges\u00eb totale e p\u00ebrgjegj\u00ebsis\u00eb, t\u00eb llogaridh\u00ebnies dhe pse b\u00ebhet kjo?! Vet\u00ebm p\u00ebr nj\u00eb arsye: p\u00ebr t\u00eb shmangur kontrollin.<\/p>\n<p>Me nj\u00eb g\u00ebrvishje t\u00eb vog\u00ebl, me nj\u00eb kontroll sip\u00ebrfaq\u00ebsor, mund t\u00eb shikosh q\u00eb kjo qeverisje edhe n\u00eb nivel qendror edhe n\u00eb nivel lokal \u00ebsht\u00eb e zhytur n\u00eb korrupsion dhe krim.<\/p>\n<p>Cili \u00ebsht\u00eb vizioni i Erion Velis\u00eb p\u00ebr Tiran\u00ebn?! Vizioni i tij \u00ebsht\u00eb shum\u00eb i thjesht\u00eb, ta kthej\u00eb Tiran\u00ebn n\u00eb nj\u00eb fjetore, n\u00eb nj\u00eb gjell\u00ebtore dhe n\u00eb nj\u00eb grop\u00eb t\u00eb krimit. e ka b\u00ebn\u00eb qytetin n\u00eb sh\u00ebrbim t\u00eb pastrimit t\u00eb parave. Pse?!<\/p>\n<p>Jo thjesht p\u00ebr t\u00eb shkat\u00ebrruar fizionomin\u00eb e qytetit dhe trash\u00ebgimin\u00eb e tij kulturore, jo thjesht infrastruktur\u00ebn e nevojshme q\u00eb duhet t\u00eb jet\u00eb n\u00eb sh\u00ebrbim t\u00eb qytetar\u00ebve dhe jo t\u00eb nd\u00ebrtesave, por sepse e mban t\u00eb gjith\u00eb pushtetin e tij vet\u00ebm nga parat\u00eb e krimit, vet\u00ebm nga parat\u00eb e betonit. Po t\u2019ia heq\u00ebsh Erion Velis\u00eb k\u00ebt\u00eb mekaniz\u00ebm, ai \u00ebsht\u00eb nj\u00eb asgj\u00eb\u201d, tha Zhulali.<\/p>\n","protected":false},"excerpt":{"rendered":"<p>K\u00ebshilltarja e PD n\u00eb K\u00ebshillin Bashkiak t\u00eb Tiran\u00ebs, Ilda Zhulali, e ka akuzuar drejtp\u00ebrs\u00ebdrejti sot kryebashkiakun Erion Veliaj se e mban t\u00eb gjith\u00eb pushtetin e tij vet\u00ebm nga parat\u00eb e krimit, vet\u00ebm nga parat\u00eb e betonit. \u201cPo t\u2019ia heq\u00ebsh Erion Velis\u00eb k\u00ebt\u00eb mekaniz\u00ebm, ai \u00ebsht\u00eb nj\u00eb asgj\u00eb,\u201d tha znj. Zhulali gjat\u00eb nj\u00eb konference t\u00eb p\u00ebrbashk\u00ebt &hellip;<\/p>\n","protected":false},"author":4,"featured_media":70202,"comment_status":"closed","ping_status":"closed","sticky":false,"template":"","format":"standard","meta":{"footnotes":""},"categories":[37],"tags":[],"class_list":["post-70201","post","type-post","status-publish","format-standard","has-post-thumbnail","","category-politike"],"_links":{"self":[{"href":"https:\/\/rdnews.al\/index.php\/wp-json\/wp\/v2\/posts\/70201","targetHints":{"allow":["GET"]}}],"collection":[{"href":"https:\/\/rdnews.al\/index.php\/wp-json\/wp\/v2\/posts"}],"about":[{"href":"https:\/\/rdnews.al\/index.php\/wp-json\/wp\/v2\/types\/post"}],"author":[{"embeddable":true,"href":"https:\/\/rdnews.al\/index.php\/wp-json\/wp\/v2\/users\/4"}],"replies":[{"embeddable":true,"href":"https:\/\/rdnews.al\/index.php\/wp-json\/wp\/v2\/comments?post=70201"}],"version-history":[{"count":0,"href":"https:\/\/rdnews.al\/index.php\/wp-json\/wp\/v2\/posts\/70201\/revisions"}],"wp:featuredmedia":[{"embeddable":true,"href":"https:\/\/rdnews.al\/index.php\/wp-json\/wp\/v2\/media\/70202"}],"wp:attachment":[{"href":"https:\/\/rdnews.al\/index.php\/wp-json\/wp\/v2\/media?parent=70201"}],"wp:term":[{"taxonomy":"category","embeddable":true,"href":"https:\/\/rdnews.al\/index.php\/wp-json\/wp\/v2\/categories?post=70201"},{"taxonomy":"post_tag","embeddable":true,"href":"https:\/\/rdnews.al\/index.php\/wp-json\/wp\/v2\/tags?post=70201"}],"curies":[{"name":"wp","href":"https:\/\/api.w.org\/{rel}","templated":true}]}}