{"id":70232,"date":"2024-02-01T18:33:48","date_gmt":"2024-02-01T18:33:48","guid":{"rendered":"https:\/\/rdnews.al\/?p=70232"},"modified":"2024-02-01T18:33:48","modified_gmt":"2024-02-01T18:33:48","slug":"berisha-lakejte-e-rames-kalojne-nga-nje-studio-ne-tjetren-duke-bere-avokatine-e-krimit","status":"publish","type":"post","link":"https:\/\/rdnews.al\/index.php\/2024\/02\/01\/berisha-lakejte-e-rames-kalojne-nga-nje-studio-ne-tjetren-duke-bere-avokatine-e-krimit\/","title":{"rendered":"Berisha: Lakejt\u00eb e Ram\u00ebs kalojn\u00eb nga nj\u00eb studio n\u00eb tjetr\u00ebn duke b\u00ebr\u00eb avokatin\u00eb e krimit!"},"content":{"rendered":"<p>Kryetari i PD, Sali Berisha tha n\u00eb p\u00ebrfundim t\u00eb fjal\u00ebs s\u00eb tij para qytetar\u00ebve q\u00eb tubojn\u00eb posht\u00eb bnanes\u00ebs s\u00eb tij se, lakejt\u00eb e Ram\u00ebs kalojn\u00eb nga nj\u00eb studio n\u00eb tjetr\u00ebn duke b\u00ebr\u00eb avokatin\u00eb e krimit, idhulli juaj \u00ebsht\u00eb kryehajdut i Shqip\u00ebris\u00eb.<br \/>\n\u201cMiqt\u00eb e mi, \u00e7do dit\u00eb e m\u00eb e fuqishme b\u00ebhet drita, rrezja e drit\u00ebs q\u00eb ju shp\u00ebrndani n\u00eb kat\u00ebr an\u00ebt e vendit.<br \/>\nP\u00ebr nj\u00eb shoq\u00ebri, n\u00eb \u00e7do situat\u00eb, nuk ka asgj\u00eb m\u00eb t\u00eb fuqishme se rrezen e drit\u00ebs, se transparenc\u00ebn dhe ju k\u00ebtu po e b\u00ebni n\u00eb m\u00ebnyr\u00eb t\u00eb mrekullueshme.<br \/>\nNdaj un\u00eb ju p\u00ebrg\u00ebzoj ju, p\u00ebrg\u00ebzoj orator\u00ebt e mrekulluesh\u00ebm p\u00ebr problemet q\u00eb keni sjell\u00eb dhe sillni.<br \/>\nKjo rreze nxjerr n\u00eb drit\u00ebn e diellit para shqiptar\u00ebve, t\u00eb gjith\u00eb sh\u00ebmtin\u00eb e narkodiktatorit, regjimit t\u00eb tij diktatorial, sh\u00ebmtin\u00eb e instrumenteve t\u00eb tij t\u00eb krimit, Skapit dhe organeve t\u00eb tjer\u00eb. Sh\u00ebmtin\u00eb e lakejve q\u00eb kalojn\u00eb nga nj\u00eb studio n\u00eb tjet\u00ebr, duke b\u00ebr\u00eb avokatin\u00eb e krimit.<br \/>\nAmerikanizmi i tyre \u00ebsht\u00eb p\u00ebr t\u00eb vjedhur, p\u00ebr t\u00eb b\u00ebr\u00eb trafiqe droge.<br \/>\nK\u00ebta jan\u00eb llumi i shoq\u00ebris\u00eb shqiptare, k\u00ebta nuk kan\u00eb asnj\u00eb vler\u00eb.<br \/>\nJa ku jeni tani, ja ku e keni idhullin tuaj, kryehajdut t\u00eb Shqip\u00ebris\u00eb, ja ku e keni kryetar t\u00eb skandalit m\u00eb t\u00eb madh t\u00eb shekulit.<br \/>\nJa ku e keni, t\u00eb denoncuar nga drejt\u00ebsia e mbar\u00eb bot\u00ebs.<br \/>\nNdaj edhe nj\u00ebher\u00eb, mir\u00ebnjohjen m\u00eb t\u00eb pakufishme n\u00eb Rrug\u00ebn e Shpres\u00ebs, ringjall\u00ebt pluralizmin, ringjall\u00ebt forc\u00ebn, ringjall\u00ebt besimin e shqiptar\u00ebve.<br \/>\nRrofshi ju, rroft\u00eb Shqip\u00ebria!<br \/>\nFitore, fitore, fitore!\u201d, p\u00ebrfundoi Berisha.<\/p>\n","protected":false},"excerpt":{"rendered":"<p>Kryetari i PD, Sali Berisha tha n\u00eb p\u00ebrfundim t\u00eb fjal\u00ebs s\u00eb tij para qytetar\u00ebve q\u00eb tubojn\u00eb posht\u00eb bnanes\u00ebs s\u00eb tij se, lakejt\u00eb e Ram\u00ebs kalojn\u00eb nga nj\u00eb studio n\u00eb tjetr\u00ebn duke b\u00ebr\u00eb avokatin\u00eb e krimit, idhulli juaj \u00ebsht\u00eb kryehajdut i Shqip\u00ebris\u00eb. \u201cMiqt\u00eb e mi, \u00e7do dit\u00eb e m\u00eb e fuqishme b\u00ebhet drita, rrezja e drit\u00ebs &hellip;<\/p>\n","protected":false},"author":4,"featured_media":69905,"comment_status":"closed","ping_status":"closed","sticky":false,"template":"","format":"standard","meta":{"footnotes":""},"categories":[37],"tags":[],"class_list":["post-70232","post","type-post","status-publish","format-standard","has-post-thumbnail","","category-politike"],"_links":{"self":[{"href":"https:\/\/rdnews.al\/index.php\/wp-json\/wp\/v2\/posts\/70232","targetHints":{"allow":["GET"]}}],"collection":[{"href":"https:\/\/rdnews.al\/index.php\/wp-json\/wp\/v2\/posts"}],"about":[{"href":"https:\/\/rdnews.al\/index.php\/wp-json\/wp\/v2\/types\/post"}],"author":[{"embeddable":true,"href":"https:\/\/rdnews.al\/index.php\/wp-json\/wp\/v2\/users\/4"}],"replies":[{"embeddable":true,"href":"https:\/\/rdnews.al\/index.php\/wp-json\/wp\/v2\/comments?post=70232"}],"version-history":[{"count":0,"href":"https:\/\/rdnews.al\/index.php\/wp-json\/wp\/v2\/posts\/70232\/revisions"}],"wp:featuredmedia":[{"embeddable":true,"href":"https:\/\/rdnews.al\/index.php\/wp-json\/wp\/v2\/media\/69905"}],"wp:attachment":[{"href":"https:\/\/rdnews.al\/index.php\/wp-json\/wp\/v2\/media?parent=70232"}],"wp:term":[{"taxonomy":"category","embeddable":true,"href":"https:\/\/rdnews.al\/index.php\/wp-json\/wp\/v2\/categories?post=70232"},{"taxonomy":"post_tag","embeddable":true,"href":"https:\/\/rdnews.al\/index.php\/wp-json\/wp\/v2\/tags?post=70232"}],"curies":[{"name":"wp","href":"https:\/\/api.w.org\/{rel}","templated":true}]}}